{"id":129068,"date":"2022-11-09T13:07:52","date_gmt":"2022-11-09T12:07:52","guid":{"rendered":"https:\/\/www.messinaoggi.it\/website\/2022\/11\/09\/leredita-di-falcone-e-borsellino-e-uto-ughi-a-orientamenti-2022\/"},"modified":"2022-11-09T13:07:52","modified_gmt":"2022-11-09T12:07:52","slug":"leredita-di-falcone-e-borsellino-e-uto-ughi-a-orientamenti-2022","status":"publish","type":"post","link":"https:\/\/www.messinaoggi.it\/website\/2022\/11\/09\/leredita-di-falcone-e-borsellino-e-uto-ughi-a-orientamenti-2022\/","title":{"rendered":"\u201cL\u2019eredit\u00e0 di Falcone e Borsellino\u201d e Uto Ughi a Orientamenti 2022"},"content":{"rendered":"<div>GENOVA (ITALPRESS) &#8211; Il maestro Uto Ughi, il suo racconto agli studenti, un concerto della sua orchestra e l&#8217;intreccio con i 240 anni dalla nascita di Paganini, l&#8217;educazione alla legalit\u00e0 attraverso le parole di Pietro Grasso, Maria Falcone e Salvatore Borsellino e le immagini della mostra &#8220;L&#8217;eredit\u00e0 di Falcone e Borsellino&#8221;, studenti, genitori e docenti a confronto su Tik Tok o con Paolo Crepet, 60 aziende che offrono oltre 700 opportunit\u00e0 di lavoro ai ragazzi. La Regione Liguria ha organizzato una 27^ edizione del Salone Orientamenti 2022 pi\u00f9 che mai ricca di contenuti e appuntamenti dal 15 al 17 novembre ai Magazzini del Cotone al Porto Antico di Genova con il patrocinio dei ministeri dell&#8217;Istruzione e del Merito, dell&#8217;Universit\u00e0 e della Ricerca, del Lavoro e delle Politiche Sociali, dell&#8217;Ambiente e della Sicurezza Energetica oltre che della Conferenza delle Regioni e delle Province Autonome. <br \/>Il Salone, punto di riferimento per il mondo della scuola, avr\u00e0 quest&#8217;anno come filo conduttore la conoscenza e la cura di s\u00e8 stessi e delle proprie competenze: &#8220;Care for your skills&#8221;.<br \/>&#8220;Sono molto orgoglioso di questo Salone &#8211; afferma il presidente della Regione Liguria Giovanni Toti &#8211; divenuto un punto di riferimento nazionale per i ragazzi e per le loro famiglie, oltre che per tutto il mondo della scuola e della formazione. Un&#8217;iniziativa in cui Regione crede nella convinzione che sia imprescindibile offrire ai giovani l&#8217;opportunit\u00e0 di compiere scelte sempre pi\u00f9 consapevoli per il percorso di studi ma anche per la propria vita e lavoro&#8221;. <br \/>&#8220;Il successo di Orientamenti \u00e8 la conferma di un grande lavoro lungo tutto l&#8217;anno e fatto per accompagnare i ragazzi nelle scelte sulla loro formazione. La cura del s\u00e8 e delle proprie competenze &#8211; commenta l&#8217;assessore alla formazione e all&#8217;orientamento Marco Scajola &#8211; \u00e8 il tema che abbiamo scelto per questa edizione intercettando alcuni fattori di mutamento nel mondo del lavoro e della formazione emersi dopo i difficili anni dell&#8217;emergenza Covid&#8221;. Nella prima giornata (15 novembre) il saluto inaugurale \u00e8 affidato a Maria Falcone, sorella del magistrato ucciso dalla mafia nel 1992 e presidente della Fondazione Giovanni Falcone.<br \/>Come un filo rosso segue il dibattito sulla mostra l&#8217;Eredit\u00e0 di Falcone e Borsellino commentata da Pietro Grasso, gi\u00e0 Presidente del Senato. I ragazzi potranno conoscere meglio il mondo degli ITS attraverso l&#8217;evento organizzato da Rete ITS Italy, presieduta da Guido Torrielli. La prima giornata si chiuder\u00e0 poi con genitori, insegnanti ed educatori a confronto con lo psichiatra e sociologo Paolo Crepet.<br \/>Il 16 novembre comincia con l&#8217;intervista dei ragazzi al maestro Uto Ughi sul tema della cura del talento. Dalla musica alla campionessa olimpica Elisa di Francisca che parler\u00e0 di come prendersi di cura di s\u00e8 per eccellere nello sport. Ci saranno anche i rappresentanti di Tik Tok Italia per far conoscere opportunit\u00e0 e insidie del social network del momento. I valori della lotta alle mafie tornano con un seminario dell&#8217;Universit\u00e0 di Genova che vedr\u00e0 tra i relatori e Salvatore Borsellino, fratello del giudice Paolo. La giornata si chiuder\u00e0 con &#8220;La notte dei talenti&#8221; animata da Paolo Kessisoglu.<br \/>La terza e ultima giornata (17 novembre) vedr\u00e0, tra i molti appuntamenti, l&#8217;approfondimento sul tema della contraffazione con Valerio Staffelli. La sicurezza sui luoghi di lavoro \u00e8 invece il cuore dello spettacolo di improvvisazione teatrale #improsafe, una modalit\u00e0 nuova per affrontare un tema di grande attualit\u00e0 e importanza. La tre giorni di Salone si chiuder\u00e0 con il concerto dell&#8217;orchestra Uto Ughi &amp; Friends.<div id=\"div-gpt-ad-Messinaoggi.it-DSK-300x250-corpoart\" style=\"text-align:center;margin:0 auto;\"><\/div><\/p>\n<p>&#8211; foto ufficio stampa Salone Orientamenti &#8211;<br \/>(ITALPRESS).<\/div>\n<div id=\"videoincontent\" style=\"clear:both\";><\/div>","protected":false},"excerpt":{"rendered":"<p>GENOVA (ITALPRESS) &#8211; Il maestro Uto Ughi, il suo racconto agli studenti, un concerto della sua orchestra e l&#8217;intreccio con i 240 anni dalla nascita di Paganini, l&#8217;educazione alla legalit\u00e0 attraverso le parole di Pietro Grasso, Maria Falcone e Salvatore Borsellino e le immagini della mostra &#8220;L&#8217;eredit\u00e0 di Falcone e Borsellino&#8221;, studenti, genitori e docenti [&hellip;]<\/p>\n","protected":false},"author":18,"featured_media":129069,"comment_status":"closed","ping_status":"closed","sticky":false,"template":"","format":"standard","meta":{"ub_ctt_via":"","_mi_skip_tracking":false},"categories":[446],"tags":[783],"featured_image_src":"https:\/\/www.messinaoggi.it\/website\/wp-content\/uploads\/2022\/11\/20221109_0445.jpg","author_info":{"display_name":"Admin","author_link":"https:\/\/www.messinaoggi.it\/website\/author\/admin\/"},"digistream_id":0,"digistream":false,"_links":{"self":[{"href":"https:\/\/www.messinaoggi.it\/website\/wp-json\/wp\/v2\/posts\/129068"}],"collection":[{"href":"https:\/\/www.messinaoggi.it\/website\/wp-json\/wp\/v2\/posts"}],"about":[{"href":"https:\/\/www.messinaoggi.it\/website\/wp-json\/wp\/v2\/types\/post"}],"author":[{"embeddable":true,"href":"https:\/\/www.messinaoggi.it\/website\/wp-json\/wp\/v2\/users\/18"}],"replies":[{"embeddable":true,"href":"https:\/\/www.messinaoggi.it\/website\/wp-json\/wp\/v2\/comments?post=129068"}],"version-history":[{"count":0,"href":"https:\/\/www.messinaoggi.it\/website\/wp-json\/wp\/v2\/posts\/129068\/revisions"}],"wp:featuredmedia":[{"embeddable":true,"href":"https:\/\/www.messinaoggi.it\/website\/wp-json\/wp\/v2\/media\/129069"}],"wp:attachment":[{"href":"https:\/\/www.messinaoggi.it\/website\/wp-json\/wp\/v2\/media?parent=129068"}],"wp:term":[{"taxonomy":"category","embeddable":true,"href":"https:\/\/www.messinaoggi.it\/website\/wp-json\/wp\/v2\/categories?post=129068"},{"taxonomy":"post_tag","embeddable":true,"href":"https:\/\/www.messinaoggi.it\/website\/wp-json\/wp\/v2\/tags?post=129068"}],"curies":[{"name":"wp","href":"https:\/\/api.w.org\/{rel}","templated":true}]}}