{"id":129058,"date":"2022-11-09T11:07:50","date_gmt":"2022-11-09T10:07:50","guid":{"rendered":"https:\/\/www.messinaoggi.it\/website\/2022\/11\/09\/migranti-conte-il-blocco-navale-urlato-da-meloni-solo-un-vuoto-slogan\/"},"modified":"2022-11-09T11:07:50","modified_gmt":"2022-11-09T10:07:50","slug":"migranti-conte-il-blocco-navale-urlato-da-meloni-solo-un-vuoto-slogan","status":"publish","type":"post","link":"https:\/\/www.messinaoggi.it\/website\/2022\/11\/09\/migranti-conte-il-blocco-navale-urlato-da-meloni-solo-un-vuoto-slogan\/","title":{"rendered":"Migranti, Conte \u201cIl blocco navale urlato da Meloni solo un vuoto slogan\u201d"},"content":{"rendered":"<div>ROMA (ITALPRESS) &#8211; &#8220;Oggi scopriamo che il &#8216;blocco naval\u00e8 urlato per anni dalla Presidente Giorgia Meloni in Parlamento, nelle piazze e in campagna elettorale era solo un vuoto slogan per ingannare i cittadini. Un vuoto slogan che si \u00e8 infranto di fronte alla realt\u00e0: tutti i migranti, arrivati a centinaia nei nostri porti, sono stati fatti sbarcare&#8221;. Lo scrive su Facebook il presidente del Movimento 5 Stelle, Giuseppe Conte. &#8220;Meloni e il centrodestra si sono smentiti e hanno fatto una prudente retromarcia rispetto alle scomposte smargiassate urlate ai quattro venti &#8211; aggiunge -. &#8216;La pacchia \u00e8 finit\u00e0 per l&#8217;Europa, diceva la premier giorni fa. Dopo il suo viaggio a Bruxelles, povero di contenuti e novit\u00e0, scopriamo invece che la pacchia \u00e8 finita per lei: il tempo delle vuote promesse \u00e8 ormai sbiadito sullo sfondo di una realt\u00e0 ben pi\u00f9 complessa. Per affrontarla, infatti, occorre mettere da parte nazionalismi isterici e invocare una pi\u00f9 completa solidariet\u00e0 europea, al fine di adottare un meccanismo comunitario di gestione, accoglienza e redistribuzione dei flussi migratori&#8221;.<br \/>\n&#8220;Presidente Meloni, un consiglio: visti gli ottimi rapporti, chiami subito i suoi amici ungheresi e polacchi, quelli che vorrebbero che le politiche migratorie fossero affare esclusivo dei Paesi di primo approdo &#8211; come l&#8217;Italia. Vediamo se \u00e8 davvero in grado di tutelare l&#8217;interesse nazionale&#8221;, conclude Conte.<div id=\"div-gpt-ad-Messinaoggi.it-DSK-300x250-corpoart\" style=\"text-align:center;margin:0 auto;\"><\/div><\/p>\n<p>&#8211; foto agenziafotogramma.it &#8211;<br \/>\n(ITALPRESS).<div id=\"videoincontent\" style=\"clear:both\";><\/div><\/p><\/div>\n","protected":false},"excerpt":{"rendered":"<p>ROMA (ITALPRESS) &#8211; &#8220;Oggi scopriamo che il &#8216;blocco naval\u00e8 urlato per anni dalla Presidente Giorgia Meloni in Parlamento, nelle piazze e in campagna elettorale era solo un vuoto slogan per ingannare i cittadini. Un vuoto slogan che si \u00e8 infranto di fronte alla realt\u00e0: tutti i migranti, arrivati a centinaia nei nostri porti, sono stati [&hellip;]<\/p>\n","protected":false},"author":18,"featured_media":129059,"comment_status":"closed","ping_status":"closed","sticky":false,"template":"","format":"standard","meta":{"ub_ctt_via":"","_mi_skip_tracking":false},"categories":[446],"tags":[783],"featured_image_src":"https:\/\/www.messinaoggi.it\/website\/wp-content\/uploads\/2022\/11\/20221109_0231.jpg","author_info":{"display_name":"Admin","author_link":"https:\/\/www.messinaoggi.it\/website\/author\/admin\/"},"digistream_id":0,"digistream":false,"_links":{"self":[{"href":"https:\/\/www.messinaoggi.it\/website\/wp-json\/wp\/v2\/posts\/129058"}],"collection":[{"href":"https:\/\/www.messinaoggi.it\/website\/wp-json\/wp\/v2\/posts"}],"about":[{"href":"https:\/\/www.messinaoggi.it\/website\/wp-json\/wp\/v2\/types\/post"}],"author":[{"embeddable":true,"href":"https:\/\/www.messinaoggi.it\/website\/wp-json\/wp\/v2\/users\/18"}],"replies":[{"embeddable":true,"href":"https:\/\/www.messinaoggi.it\/website\/wp-json\/wp\/v2\/comments?post=129058"}],"version-history":[{"count":0,"href":"https:\/\/www.messinaoggi.it\/website\/wp-json\/wp\/v2\/posts\/129058\/revisions"}],"wp:featuredmedia":[{"embeddable":true,"href":"https:\/\/www.messinaoggi.it\/website\/wp-json\/wp\/v2\/media\/129059"}],"wp:attachment":[{"href":"https:\/\/www.messinaoggi.it\/website\/wp-json\/wp\/v2\/media?parent=129058"}],"wp:term":[{"taxonomy":"category","embeddable":true,"href":"https:\/\/www.messinaoggi.it\/website\/wp-json\/wp\/v2\/categories?post=129058"},{"taxonomy":"post_tag","embeddable":true,"href":"https:\/\/www.messinaoggi.it\/website\/wp-json\/wp\/v2\/tags?post=129058"}],"curies":[{"name":"wp","href":"https:\/\/api.w.org\/{rel}","templated":true}]}}