{"id":129037,"date":"2022-11-09T09:40:35","date_gmt":"2022-11-09T08:40:35","guid":{"rendered":"http:\/\/www.messinaoggi.it\/website\/?p=129037"},"modified":"2022-11-09T09:40:37","modified_gmt":"2022-11-09T08:40:37","slug":"metromare-barresi-uil-idea-suggestiva-ma-la-metroferrovia","status":"publish","type":"post","link":"https:\/\/www.messinaoggi.it\/website\/2022\/11\/09\/metromare-barresi-uil-idea-suggestiva-ma-la-metroferrovia\/","title":{"rendered":"Metromare, Barresi (Uil): &#8220;idea suggestiva, ma la Metroferrovia?&#8221;"},"content":{"rendered":"\n<p>&#8220;La premessa \u00e8 d\u2019obbligo : qualsivoglia nuova infrastruttura che realizzi un servizio utile alla mobilit\u00e0 dei cittadini va valutata positivamente, specialmente in una citt\u00e0 tra le prime in Italia per traffico gommato  &#8211; Cos\u00ec esordisce<strong> Michele Barresi <\/strong>segretario generale Uiltrasporti Messina &#8211; ma occorre approfondire il progetto evitando di dare il via ad un\u2019opera se questa \u00e8 pi\u00f9 affascinante e suggestiva che utile e concreta&#8221;. <div id=\"div-gpt-ad-Messinaoggi.it-DSK-300x250-corpoart\" style=\"text-align:center;margin:0 auto;\"><\/div><\/p>\n\n\n\n<p>&#8220;Di certo bypassare il traffico cittadino usando il mare pu\u00f2 essere una soluzione alternativa possibile in una citt\u00e0 con le caratteristiche morfologiche che Messina presenta &#8211; dichiara Barresi &#8211; ma non possiamo guardare oggi con preoccupazione al flop conclamato della metroferrovia Giampilieri &#8211; Messina che di fatto rappresentava anch\u2019essa una potenziale soluzione per la mobilit\u00e0 della zona sud della citt\u00e0 ma che non \u00e8 stata mai realmente sfruttata per incapacit\u00e0 di mettere in sinergia le diverse modalit\u00e0 di trasporto e di rendere attrattivo e conveniente il servizio . Di certo il progetto di realizzare collegamenti urbani via mare nello stretto presenta caratteristiche differenti ma i rischi sono analoghi se non persino maggiori, visto che il trasporto marittimo, rispetto al ferroviario, presenta ulteriori variabili legate alle condizioni meteo&#8221;.<div id=\"videoincontent\" style=\"clear:both\";><\/div><\/p>\n\n\n\n<p><br>&#8220;Occorre inoltre comprendere i rapporti costi benefici e la sostenibilit\u00e0 del servizio in chiave urbana &#8211; continua Barresi &#8211; viste le esperienze negative che da anni riscontriamo nei collegamenti marittimi veloci nello Stretto, che di certo hanno caratteristiche similari ma non identiche ad una metropolitana urbana . La necessit\u00e0 resta quella di mettere in sinergia le diverse modalit\u00e0 di trasporto urbano ed extra urbano del territorio per limitare l\u2019uso del mezzo privato &#8211; conclude Barresi &#8211; ed in questo senso rilanciare la Metroferrovia a sud \u00e8 un tassello che resta fondamentale anche valutando, perch\u00e9 no, nuovi collegamenti via mare, sui quali vorremmo realmente confrontarci con l\u2019amministrazione in maniera pi\u00f9 approfondita per capire se in questo servizio a prevalere sia la valenza turistica rispetto all\u2019utilit\u00e0 nella mobilit\u00e0 urbana quotidiana dei cittadini messinesi&#8221;.<\/p>\n","protected":false},"excerpt":{"rendered":"<p>&#8220;La premessa \u00e8 d\u2019obbligo : qualsivoglia nuova infrastruttura che realizzi un servizio utile alla mobilit\u00e0 dei cittadini va valutata positivamente, specialmente in una citt\u00e0 tra le prime in Italia per traffico gommato &#8211; Cos\u00ec esordisce Michele Barresi segretario generale Uiltrasporti Messina &#8211; ma occorre approfondire il progetto evitando di dare il via ad un\u2019opera se [&hellip;]<\/p>\n","protected":false},"author":15,"featured_media":129038,"comment_status":"open","ping_status":"open","sticky":false,"template":"","format":"standard","meta":{"ub_ctt_via":"","_mi_skip_tracking":false},"categories":[19],"tags":[5316,5317,1023,1338,871],"featured_image_src":"https:\/\/www.messinaoggi.it\/website\/wp-content\/uploads\/2022\/11\/Barresi-e1667983100140.jpg","author_info":{"display_name":"red.me","author_link":"https:\/\/www.messinaoggi.it\/website\/author\/red-me\/"},"digistream_id":0,"digistream":false,"_links":{"self":[{"href":"https:\/\/www.messinaoggi.it\/website\/wp-json\/wp\/v2\/posts\/129037"}],"collection":[{"href":"https:\/\/www.messinaoggi.it\/website\/wp-json\/wp\/v2\/posts"}],"about":[{"href":"https:\/\/www.messinaoggi.it\/website\/wp-json\/wp\/v2\/types\/post"}],"author":[{"embeddable":true,"href":"https:\/\/www.messinaoggi.it\/website\/wp-json\/wp\/v2\/users\/15"}],"replies":[{"embeddable":true,"href":"https:\/\/www.messinaoggi.it\/website\/wp-json\/wp\/v2\/comments?post=129037"}],"version-history":[{"count":1,"href":"https:\/\/www.messinaoggi.it\/website\/wp-json\/wp\/v2\/posts\/129037\/revisions"}],"predecessor-version":[{"id":129039,"href":"https:\/\/www.messinaoggi.it\/website\/wp-json\/wp\/v2\/posts\/129037\/revisions\/129039"}],"wp:featuredmedia":[{"embeddable":true,"href":"https:\/\/www.messinaoggi.it\/website\/wp-json\/wp\/v2\/media\/129038"}],"wp:attachment":[{"href":"https:\/\/www.messinaoggi.it\/website\/wp-json\/wp\/v2\/media?parent=129037"}],"wp:term":[{"taxonomy":"category","embeddable":true,"href":"https:\/\/www.messinaoggi.it\/website\/wp-json\/wp\/v2\/categories?post=129037"},{"taxonomy":"post_tag","embeddable":true,"href":"https:\/\/www.messinaoggi.it\/website\/wp-json\/wp\/v2\/tags?post=129037"}],"curies":[{"name":"wp","href":"https:\/\/api.w.org\/{rel}","templated":true}]}}