{"id":128969,"date":"2022-11-08T19:07:52","date_gmt":"2022-11-08T18:07:52","guid":{"rendered":"https:\/\/www.messinaoggi.it\/website\/2022\/11\/08\/conte-non-portiamo-rancore-al-pd-ma-ci-sia-lealta\/"},"modified":"2022-11-08T19:07:52","modified_gmt":"2022-11-08T18:07:52","slug":"conte-non-portiamo-rancore-al-pd-ma-ci-sia-lealta","status":"publish","type":"post","link":"https:\/\/www.messinaoggi.it\/website\/2022\/11\/08\/conte-non-portiamo-rancore-al-pd-ma-ci-sia-lealta\/","title":{"rendered":"Conte \u201cNon portiamo rancore al Pd ma ci sia lealt\u00e0\u201d"},"content":{"rendered":"<div>ROMA (ITALPRESS) &#8211; &#8220;Noi non portiamo rancore, lo voglio dire a tutto il mondo del Pd che in questi giorni si sta sbracciando chiedendoci un atto di generosit\u00e0: la nostra generosit\u00e0 non esiste se significa scarsa chiarezza sui programmi, annacquamento dei nostri valori e principi, allora ripartiamo da qui, chi c&#8217;\u00e8 \u00e8 il benvenuto, purch\u00e8 si comporti con lealt\u00e0 e condivida il nostro progetto politico serio per la comunit\u00e0 regionale del Lazio&#8221;. <br \/>Lo ha detto il presidente del M5S, Giuseppe Conte, in conferenza stampa a Roma.<br \/>-foto agenziafotogramma.it-<br \/>(ITALPRESS).<\/div>\n<div id=\"div-gpt-ad-Messinaoggi.it-DSK-300x250-corpoart\" style=\"text-align:center;margin:0 auto;\"><\/div><\/p><div id=\"videoincontent\" style=\"clear:both\";><\/div>","protected":false},"excerpt":{"rendered":"<p>ROMA (ITALPRESS) &#8211; &#8220;Noi non portiamo rancore, lo voglio dire a tutto il mondo del Pd che in questi giorni si sta sbracciando chiedendoci un atto di generosit\u00e0: la nostra generosit\u00e0 non esiste se significa scarsa chiarezza sui programmi, annacquamento dei nostri valori e principi, allora ripartiamo da qui, chi c&#8217;\u00e8 \u00e8 il benvenuto, purch\u00e8 [&hellip;]<\/p>\n","protected":false},"author":18,"featured_media":128970,"comment_status":"closed","ping_status":"closed","sticky":false,"template":"","format":"standard","meta":{"ub_ctt_via":"","_mi_skip_tracking":false},"categories":[446],"tags":[783],"featured_image_src":"https:\/\/www.messinaoggi.it\/website\/wp-content\/uploads\/2022\/11\/20221108_1819.jpg","author_info":{"display_name":"Admin","author_link":"https:\/\/www.messinaoggi.it\/website\/author\/admin\/"},"digistream_id":0,"digistream":false,"_links":{"self":[{"href":"https:\/\/www.messinaoggi.it\/website\/wp-json\/wp\/v2\/posts\/128969"}],"collection":[{"href":"https:\/\/www.messinaoggi.it\/website\/wp-json\/wp\/v2\/posts"}],"about":[{"href":"https:\/\/www.messinaoggi.it\/website\/wp-json\/wp\/v2\/types\/post"}],"author":[{"embeddable":true,"href":"https:\/\/www.messinaoggi.it\/website\/wp-json\/wp\/v2\/users\/18"}],"replies":[{"embeddable":true,"href":"https:\/\/www.messinaoggi.it\/website\/wp-json\/wp\/v2\/comments?post=128969"}],"version-history":[{"count":0,"href":"https:\/\/www.messinaoggi.it\/website\/wp-json\/wp\/v2\/posts\/128969\/revisions"}],"wp:featuredmedia":[{"embeddable":true,"href":"https:\/\/www.messinaoggi.it\/website\/wp-json\/wp\/v2\/media\/128970"}],"wp:attachment":[{"href":"https:\/\/www.messinaoggi.it\/website\/wp-json\/wp\/v2\/media?parent=128969"}],"wp:term":[{"taxonomy":"category","embeddable":true,"href":"https:\/\/www.messinaoggi.it\/website\/wp-json\/wp\/v2\/categories?post=128969"},{"taxonomy":"post_tag","embeddable":true,"href":"https:\/\/www.messinaoggi.it\/website\/wp-json\/wp\/v2\/tags?post=128969"}],"curies":[{"name":"wp","href":"https:\/\/api.w.org\/{rel}","templated":true}]}}