{"id":128961,"date":"2022-11-08T17:07:53","date_gmt":"2022-11-08T16:07:53","guid":{"rendered":"https:\/\/www.messinaoggi.it\/website\/2022\/11\/08\/migranti-letta-la-selezione-dei-disperati-e-uno-schiaffo-alla-civilta\/"},"modified":"2022-11-08T17:07:53","modified_gmt":"2022-11-08T16:07:53","slug":"migranti-letta-la-selezione-dei-disperati-e-uno-schiaffo-alla-civilta","status":"publish","type":"post","link":"https:\/\/www.messinaoggi.it\/website\/2022\/11\/08\/migranti-letta-la-selezione-dei-disperati-e-uno-schiaffo-alla-civilta\/","title":{"rendered":"Migranti, Letta \u201cLa selezione dei disperati \u00e8 uno schiaffo alla civilt\u00e0\u201d"},"content":{"rendered":"<div>ROMA (ITALPRESS) &#8211; &#8220;Ha ragione Luigi Manconi su la Repubblica: dal porto di Catania &#8211; al fianco di chi ha lasciato tutto per il diritto a una esistenza dignitosa &#8211; passano oggi le ragioni pi\u00f9 profonde dell&#8217;identit\u00e0 della sinistra italiana. E&#8217; per questo che il Partito Democratico \u00e8 l\u00ec da giorni. Ed \u00e8 per questo che continueremo ad esserci, anche se non porta consenso, anche se in passato sono stati commessi errori, di prospettiva o di inazione&#8221;. Lo scrive su Facebook il segretario del Pd Enrico Letta.<br \/>&#8220;Noi siamo quelli di Mare Nostrum, siamo quelli che si sono battuti per abolire i decreti Salvini, siamo quelli che in Europa con pi\u00f9 forza e pi\u00f9 argomenti reclamano responsabilit\u00e0 condivise e solidariet\u00e0. Noi siamo quelli che giudicano la selezione dei disperati una aberrazione e uno schiaffo alla civilt\u00e0 e allo Stato di diritto&#8221;, aggiunge.<br \/>(ITALPRESS).<\/div>\n<div id=\"div-gpt-ad-Messinaoggi.it-DSK-300x250-corpoart\" style=\"text-align:center;margin:0 auto;\"><\/div><\/p><div id=\"videoincontent\" style=\"clear:both\";><\/div>","protected":false},"excerpt":{"rendered":"<p>ROMA (ITALPRESS) &#8211; &#8220;Ha ragione Luigi Manconi su la Repubblica: dal porto di Catania &#8211; al fianco di chi ha lasciato tutto per il diritto a una esistenza dignitosa &#8211; passano oggi le ragioni pi\u00f9 profonde dell&#8217;identit\u00e0 della sinistra italiana. E&#8217; per questo che il Partito Democratico \u00e8 l\u00ec da giorni. Ed \u00e8 per questo [&hellip;]<\/p>\n","protected":false},"author":18,"featured_media":128962,"comment_status":"closed","ping_status":"closed","sticky":false,"template":"","format":"standard","meta":{"ub_ctt_via":"","_mi_skip_tracking":false},"categories":[446],"tags":[783],"featured_image_src":"https:\/\/www.messinaoggi.it\/website\/wp-content\/uploads\/2022\/11\/20221108_1470.jpg","author_info":{"display_name":"Admin","author_link":"https:\/\/www.messinaoggi.it\/website\/author\/admin\/"},"digistream_id":0,"digistream":false,"_links":{"self":[{"href":"https:\/\/www.messinaoggi.it\/website\/wp-json\/wp\/v2\/posts\/128961"}],"collection":[{"href":"https:\/\/www.messinaoggi.it\/website\/wp-json\/wp\/v2\/posts"}],"about":[{"href":"https:\/\/www.messinaoggi.it\/website\/wp-json\/wp\/v2\/types\/post"}],"author":[{"embeddable":true,"href":"https:\/\/www.messinaoggi.it\/website\/wp-json\/wp\/v2\/users\/18"}],"replies":[{"embeddable":true,"href":"https:\/\/www.messinaoggi.it\/website\/wp-json\/wp\/v2\/comments?post=128961"}],"version-history":[{"count":0,"href":"https:\/\/www.messinaoggi.it\/website\/wp-json\/wp\/v2\/posts\/128961\/revisions"}],"wp:featuredmedia":[{"embeddable":true,"href":"https:\/\/www.messinaoggi.it\/website\/wp-json\/wp\/v2\/media\/128962"}],"wp:attachment":[{"href":"https:\/\/www.messinaoggi.it\/website\/wp-json\/wp\/v2\/media?parent=128961"}],"wp:term":[{"taxonomy":"category","embeddable":true,"href":"https:\/\/www.messinaoggi.it\/website\/wp-json\/wp\/v2\/categories?post=128961"},{"taxonomy":"post_tag","embeddable":true,"href":"https:\/\/www.messinaoggi.it\/website\/wp-json\/wp\/v2\/tags?post=128961"}],"curies":[{"name":"wp","href":"https:\/\/api.w.org\/{rel}","templated":true}]}}