{"id":128914,"date":"2022-11-08T13:47:51","date_gmt":"2022-11-08T12:47:51","guid":{"rendered":"https:\/\/www.messinaoggi.it\/website\/2022\/11\/08\/ponte-sullo-stretto-il-mit-e-le-regioni-accelerano\/"},"modified":"2022-11-08T21:34:59","modified_gmt":"2022-11-08T20:34:59","slug":"ponte-sullo-stretto-il-mit-e-le-regioni-accelerano","status":"publish","type":"post","link":"https:\/\/www.messinaoggi.it\/website\/2022\/11\/08\/ponte-sullo-stretto-il-mit-e-le-regioni-accelerano\/","title":{"rendered":"Ponte sullo Stretto, il Mit e le Regioni accelerano"},"content":{"rendered":"<div>\n<p>ROMA (ITALPRESS) \u2013 Il Ponte sullo Stretto \u00e8 un\u2019opera prioritaria sia per il governo nazionale che per le Regioni coinvolte, la sua realizzazione avr\u00e0 ricadute positive per tutta Europa e servir\u00e0 per incentivare il miglioramento generale delle infrastrutture come gi\u00e0 successo, in passato, con l\u2019Autostrada del Sole. E\u2019 quanto emerso dall\u2019incontro tra il vicepremier e ministro delle Infrastrutture e dei Trasporti Matteo Salvini e i presidenti di Calabria e Sicilia, Roberto Occhiuto e Renato Schifani.<br \/>E\u2019 stato fatto il punto della situazione, per riannodare i fili della questione-Ponte, anche in relazione a tutte le opere commissariate in Calabria e in Sicilia su cui c\u2019\u00e8 stato un approfondimento tecnico: Salvini si dice determinato a sbloccarle. Sul tavolo ci sono progetti significativi, come la Statale Jonica in Calabria, l\u2019Alta Velocit\u00e0 o la ferrovia Palermo-Catania. Per una maggiore concretezza e operativit\u00e0, \u00e8 stato deciso di creare una regia permanente tra Regioni e Ministero.  <br \/>Per quanto riguarda il Ponte, ci sar\u00e0 al pi\u00f9 presto un incontro istituzionale con Rfi, che ha avuto l\u2019incarico dal precedente esecutivo di organizzare un ulteriore studio di fattibilit\u00e0.<br \/>\u201cIl Ponte sullo Stretto si far\u00e0, lavoreremo con grande seriet\u00e0, approfondiremo gli aspetti tecnici, si \u00e8 creato un tavolo permanente tra le due regioni e il ministero, questo \u00e8 sintomo della volont\u00e0 concreta di andare avanti\u201d, ha detto Schifani al termine della riunione. \u201cE\u2019 stato un incontro molto produttivo, si \u00e8 verificata una forte convergenza, come era prevedibile, tra le due regioni, Sicilia e Calabria nei confronti del governo per la realizzazione di questa opera strategica, il Ponte sullo Stretto \u2013 ha proseguito -. Si faranno dei passi ulteriori, di carattere tecnico, ma dal tavolo \u00e8 emersa la certezza che questa opera si possa realizzare, ci saranno soluzioni tecniche che verranno approfondite e poi valutare l\u2019adozione o meno del modello Genova per velocizzare quei lavori che per quel modello hanno dato ottimi risultati\u201d. Il presidente Schifani ha poi ribadito: \u201cIl clima \u00e8 perfetto e ottimo, credo ci siano tutti i presupposti e abbiamo parlato anche delle infrastrutture del Mezzogiorno\u201d.<br \/>\u201cSarebbe bello se i lavori per il Ponte sullo stretto di Messina potessero iniziare gi\u00e0 nel 2023\u201d, ha sottolineato Occhiuto.<br \/>\u201cIl ponte sullo Stretto \u00e8 una infrastruttura strategica \u2013 ha aggiunto \u2013 ma c\u2019\u00e8 il tema pi\u00f9 complessivo delle infrastrutture del Mezzogiorno. Faremo un gruppo di lavoro per ragionare insieme su come dotare il Mezzogiorno delle infrastrutture strategiche di cui ha necessit\u00e0, come l\u2019Alta Velocit\u00e0\u201d.<br \/>Parlando della realizzazione del Ponte sullo Stretto il presidente Occhiuto ha anticipato: \u201cC\u2019\u00e8 l\u2019idea di chiedere all\u2019Europa, che per la verit\u00e0 considera il Ponte pi\u00f9 strategico dell\u2019Italia perch\u00e8 l\u2019ha inserito nei Corridoi, di cofinanziare l\u2019opera con gli strumenti che si concorderanno tra il governo nazionale e Bruxelles\u201d. \u201cVa dato atto al ministro dei Trasporti,  Matteo Salvini, di aver messo al centro il tema del Ponte sullo Stretto \u2013 ha sottolineato il governatore calabrese -. C\u2019\u00e8 un governo che vuole farlo, due presidenti di Regione che vogliono farlo, quindi credo che questa sia la volta buona\u201d.<div id=\"div-gpt-ad-Messinaoggi.it-DSK-300x250-corpoart\" style=\"text-align:center;margin:0 auto;\"><\/div><\/p>\n<p>\u2013 foto ufficio stampa ministero delle Infrastrutture e dei Trasporti \u2013<div id=\"videoincontent\" style=\"clear:both\";><\/div><\/p>\n<p>(ITALPRESS).<\/p>\n<\/div>\n","protected":false},"excerpt":{"rendered":"<p>ROMA (ITALPRESS) \u2013 Il Ponte sullo Stretto \u00e8 un\u2019opera prioritaria sia per il governo nazionale che per le Regioni coinvolte, la sua realizzazione avr\u00e0 ricadute positive per tutta Europa e servir\u00e0 per incentivare il miglioramento generale delle infrastrutture come gi\u00e0 successo, in passato, con l\u2019Autostrada del Sole. E\u2019 quanto emerso dall\u2019incontro tra il vicepremier e [&hellip;]<\/p>\n","protected":false},"author":18,"featured_media":128915,"comment_status":"closed","ping_status":"closed","sticky":false,"template":"","format":"standard","meta":{"ub_ctt_via":"","_mi_skip_tracking":false},"categories":[19,2449],"tags":[783],"featured_image_src":"https:\/\/www.messinaoggi.it\/website\/wp-content\/uploads\/2022\/11\/20221108_0776.jpg","author_info":{"display_name":"Admin","author_link":"https:\/\/www.messinaoggi.it\/website\/author\/admin\/"},"digistream_id":0,"digistream":false,"_links":{"self":[{"href":"https:\/\/www.messinaoggi.it\/website\/wp-json\/wp\/v2\/posts\/128914"}],"collection":[{"href":"https:\/\/www.messinaoggi.it\/website\/wp-json\/wp\/v2\/posts"}],"about":[{"href":"https:\/\/www.messinaoggi.it\/website\/wp-json\/wp\/v2\/types\/post"}],"author":[{"embeddable":true,"href":"https:\/\/www.messinaoggi.it\/website\/wp-json\/wp\/v2\/users\/18"}],"replies":[{"embeddable":true,"href":"https:\/\/www.messinaoggi.it\/website\/wp-json\/wp\/v2\/comments?post=128914"}],"version-history":[{"count":1,"href":"https:\/\/www.messinaoggi.it\/website\/wp-json\/wp\/v2\/posts\/128914\/revisions"}],"predecessor-version":[{"id":129003,"href":"https:\/\/www.messinaoggi.it\/website\/wp-json\/wp\/v2\/posts\/128914\/revisions\/129003"}],"wp:featuredmedia":[{"embeddable":true,"href":"https:\/\/www.messinaoggi.it\/website\/wp-json\/wp\/v2\/media\/128915"}],"wp:attachment":[{"href":"https:\/\/www.messinaoggi.it\/website\/wp-json\/wp\/v2\/media?parent=128914"}],"wp:term":[{"taxonomy":"category","embeddable":true,"href":"https:\/\/www.messinaoggi.it\/website\/wp-json\/wp\/v2\/categories?post=128914"},{"taxonomy":"post_tag","embeddable":true,"href":"https:\/\/www.messinaoggi.it\/website\/wp-json\/wp\/v2\/tags?post=128914"}],"curies":[{"name":"wp","href":"https:\/\/api.w.org\/{rel}","templated":true}]}}