{"id":128867,"date":"2022-11-08T10:31:16","date_gmt":"2022-11-08T09:31:16","guid":{"rendered":"http:\/\/www.messinaoggi.it\/website\/?p=128867"},"modified":"2022-11-08T10:31:16","modified_gmt":"2022-11-08T09:31:16","slug":"tutela-disabilita-la-persona-al-centro-del-corso-anpit","status":"publish","type":"post","link":"https:\/\/www.messinaoggi.it\/website\/2022\/11\/08\/tutela-disabilita-la-persona-al-centro-del-corso-anpit\/","title":{"rendered":"Tutela disabilit\u00e0, la persona al centro del corso Anpit"},"content":{"rendered":"\n<p>La promozione della cultura della disabilit\u00e0 e l\u2019approfondimento delle novit\u00e0 normative in materia di integrazione e reinserimento al lavoro. Sono queste le tematiche affrontate nell\u2019ambito del corso di formazione \u201cRipartire in sicurezza\u201d organizzato da Anpit (Associazione nazionale industria e terziario) ed Inail e che si \u00e8 tenuto al Multisala Apollo.<div id=\"div-gpt-ad-Messinaoggi.it-DSK-300x250-corpoart\" style=\"text-align:center;margin:0 auto;\"><\/div><\/p>\n\n\n\n<p>\u201c<em>Per Anpit la centralit\u00e0 della persona \u00e8 la stella polare del nostro agire- ha spiegato <strong>Lidia Dimasi<\/strong>, presidente Anpit Sicilia e relatrice del corso- Con questo spirito abbiamo condiviso in modo sinergico il progetto formativo insieme all\u2019Inail e che si sta svolgendo in numerose regioni. L\u2019obiettivo \u00e8 promuovere una cultura della disabilit\u00e0 che tuteli i lavoratori superando vecchie logiche paternalistiche o meramente assistenziali. L\u2019Oms gi\u00e0 dal 2001 ha rivoluzionato l\u2019impostazione guardando i diversamente abili come persone che interagiscono in modo dinamico nel contesto di vita e lavoro. Ed in tal senso anche la legislazione italiana si sta adeguando\u201d.<\/em><div id=\"videoincontent\" style=\"clear:both\";><\/div><\/p>\n\n\n\n<p>Nel corso delle lezioni sono state approfondite le novit\u00e0 normative apportate dalla legge delega 227 approvata nel dicembre 2021 che punta ad un riordino della legislazione di settore. Tra le novit\u00e0 anche una rinnovata figura del Garante nazionale delle disabilit\u00e0 che oltre ai compiti di segnalazione e denuncia potr\u00e0 fornire pareri alle Pubbliche Amministrazioni ed operare a supporto delle istituzioni.<\/p>\n","protected":false},"excerpt":{"rendered":"<p>La promozione della cultura della disabilit\u00e0 e l\u2019approfondimento delle novit\u00e0 normative in materia di integrazione e reinserimento al lavoro. Sono queste le tematiche affrontate nell\u2019ambito del corso di formazione \u201cRipartire in sicurezza\u201d organizzato da Anpit (Associazione nazionale industria e terziario) ed Inail e che si \u00e8 tenuto al Multisala Apollo. \u201cPer Anpit la centralit\u00e0 della [&hellip;]<\/p>\n","protected":false},"author":8,"featured_media":128868,"comment_status":"open","ping_status":"open","sticky":false,"template":"","format":"standard","meta":{"ub_ctt_via":"","_mi_skip_tracking":false},"categories":[5],"tags":[1146,2395,5288,5289],"featured_image_src":"https:\/\/www.messinaoggi.it\/website\/wp-content\/uploads\/2022\/11\/Lidia-Dimasi-Anpit-7-novembre.jpg","author_info":{"display_name":"red..me","author_link":"https:\/\/www.messinaoggi.it\/website\/author\/redstage\/"},"digistream_id":0,"digistream":false,"_links":{"self":[{"href":"https:\/\/www.messinaoggi.it\/website\/wp-json\/wp\/v2\/posts\/128867"}],"collection":[{"href":"https:\/\/www.messinaoggi.it\/website\/wp-json\/wp\/v2\/posts"}],"about":[{"href":"https:\/\/www.messinaoggi.it\/website\/wp-json\/wp\/v2\/types\/post"}],"author":[{"embeddable":true,"href":"https:\/\/www.messinaoggi.it\/website\/wp-json\/wp\/v2\/users\/8"}],"replies":[{"embeddable":true,"href":"https:\/\/www.messinaoggi.it\/website\/wp-json\/wp\/v2\/comments?post=128867"}],"version-history":[{"count":1,"href":"https:\/\/www.messinaoggi.it\/website\/wp-json\/wp\/v2\/posts\/128867\/revisions"}],"predecessor-version":[{"id":128869,"href":"https:\/\/www.messinaoggi.it\/website\/wp-json\/wp\/v2\/posts\/128867\/revisions\/128869"}],"wp:featuredmedia":[{"embeddable":true,"href":"https:\/\/www.messinaoggi.it\/website\/wp-json\/wp\/v2\/media\/128868"}],"wp:attachment":[{"href":"https:\/\/www.messinaoggi.it\/website\/wp-json\/wp\/v2\/media?parent=128867"}],"wp:term":[{"taxonomy":"category","embeddable":true,"href":"https:\/\/www.messinaoggi.it\/website\/wp-json\/wp\/v2\/categories?post=128867"},{"taxonomy":"post_tag","embeddable":true,"href":"https:\/\/www.messinaoggi.it\/website\/wp-json\/wp\/v2\/tags?post=128867"}],"curies":[{"name":"wp","href":"https:\/\/api.w.org\/{rel}","templated":true}]}}