{"id":128856,"date":"2022-11-08T09:07:54","date_gmt":"2022-11-08T08:07:54","guid":{"rendered":"https:\/\/www.messinaoggi.it\/website\/2022\/11\/08\/speranza-saremo-nella-costituente-della-nuova-sinistra\/"},"modified":"2022-11-08T09:35:15","modified_gmt":"2022-11-08T08:35:15","slug":"speranza-saremo-nella-costituente-della-nuova-sinistra","status":"publish","type":"post","link":"https:\/\/www.messinaoggi.it\/website\/2022\/11\/08\/speranza-saremo-nella-costituente-della-nuova-sinistra\/","title":{"rendered":"Speranza \u201cSaremo nella Costituente della nuova sinistra\u201d"},"content":{"rendered":"<div>ROMA (ITALPRESS) &#8211; La sinistra si salva &#8220;solo mettendo al centro la questione sociale. Le vite degli italiani: quelli che non ce la fanno da sempre e quelli che nella crisi si sono impoveriti&#8221;. Lo dice in un&#8217;intervista al quotidiano La Repubblica l&#8217;ex ministro della Salute e leader di Articolo 1 Roberto Speranza.<br \/>\n&#8220;La Costituente immaginata da Enrico Letta deve avviare una grande discussione sull&#8217;identit\u00e0. Chi siamo? Chi vogliamo rappresentare?&#8221;, sottolinea Speranza. Articolo 1 sar\u00e0 nella Costituente. &#8220;Entriamo e valuteremo passo dopo passo il percorso. Lo ha deciso domenica la direzione. Ma servir\u00e0 un&#8217;operazione di sincerit\u00e0, un processo straordinario &#8211; spiega l&#8217;ex ministro -. La sconfitta del 25 settembre \u00e8 stata troppo dura per pensare di risolverla con una gazebata&#8221;.<br \/>\n&#8220;Quando passi nel volgere di un mattino da Giuseppe Conte capo dei progressisti alla celebrazione dell&#8217;agenda Draghi c&#8217;\u00e8 un problema enorme che ha a che fare con l&#8217;incertezza della tua identit\u00e0&#8221;, prosegue.<div id=\"div-gpt-ad-Messinaoggi.it-DSK-300x250-corpoart\" style=\"text-align:center;margin:0 auto;\"><\/div><\/p>\n<p>&#8211; foto Agenziafotogramma.it &#8211;<div id=\"videoincontent\" style=\"clear:both\";><\/div><\/p>\n<p>(ITALPRESS).<\/p><\/div>\n","protected":false},"excerpt":{"rendered":"<p>ROMA (ITALPRESS) &#8211; La sinistra si salva &#8220;solo mettendo al centro la questione sociale. Le vite degli italiani: quelli che non ce la fanno da sempre e quelli che nella crisi si sono impoveriti&#8221;. Lo dice in un&#8217;intervista al quotidiano La Repubblica l&#8217;ex ministro della Salute e leader di Articolo 1 Roberto Speranza. &#8220;La Costituente [&hellip;]<\/p>\n","protected":false},"author":18,"featured_media":128857,"comment_status":"closed","ping_status":"closed","sticky":false,"template":"","format":"standard","meta":{"ub_ctt_via":"","_mi_skip_tracking":false},"categories":[446,4],"tags":[783],"featured_image_src":"https:\/\/www.messinaoggi.it\/website\/wp-content\/uploads\/2022\/11\/20221108_0098.jpg","author_info":{"display_name":"Admin","author_link":"https:\/\/www.messinaoggi.it\/website\/author\/admin\/"},"digistream_id":0,"digistream":false,"_links":{"self":[{"href":"https:\/\/www.messinaoggi.it\/website\/wp-json\/wp\/v2\/posts\/128856"}],"collection":[{"href":"https:\/\/www.messinaoggi.it\/website\/wp-json\/wp\/v2\/posts"}],"about":[{"href":"https:\/\/www.messinaoggi.it\/website\/wp-json\/wp\/v2\/types\/post"}],"author":[{"embeddable":true,"href":"https:\/\/www.messinaoggi.it\/website\/wp-json\/wp\/v2\/users\/18"}],"replies":[{"embeddable":true,"href":"https:\/\/www.messinaoggi.it\/website\/wp-json\/wp\/v2\/comments?post=128856"}],"version-history":[{"count":1,"href":"https:\/\/www.messinaoggi.it\/website\/wp-json\/wp\/v2\/posts\/128856\/revisions"}],"predecessor-version":[{"id":128860,"href":"https:\/\/www.messinaoggi.it\/website\/wp-json\/wp\/v2\/posts\/128856\/revisions\/128860"}],"wp:featuredmedia":[{"embeddable":true,"href":"https:\/\/www.messinaoggi.it\/website\/wp-json\/wp\/v2\/media\/128857"}],"wp:attachment":[{"href":"https:\/\/www.messinaoggi.it\/website\/wp-json\/wp\/v2\/media?parent=128856"}],"wp:term":[{"taxonomy":"category","embeddable":true,"href":"https:\/\/www.messinaoggi.it\/website\/wp-json\/wp\/v2\/categories?post=128856"},{"taxonomy":"post_tag","embeddable":true,"href":"https:\/\/www.messinaoggi.it\/website\/wp-json\/wp\/v2\/tags?post=128856"}],"curies":[{"name":"wp","href":"https:\/\/api.w.org\/{rel}","templated":true}]}}