{"id":128828,"date":"2022-11-08T06:52:43","date_gmt":"2022-11-08T05:52:43","guid":{"rendered":"http:\/\/www.messinaoggi.it\/website\/?p=128828"},"modified":"2022-11-07T21:55:28","modified_gmt":"2022-11-07T20:55:28","slug":"sottoscritto-accordo-con-la-coop-utopia","status":"publish","type":"post","link":"https:\/\/www.messinaoggi.it\/website\/2022\/11\/08\/sottoscritto-accordo-con-la-coop-utopia\/","title":{"rendered":"Sottoscritto accordo con la Coop Utopia"},"content":{"rendered":"\n<p>L&#8217;amministrazione comunale di Milazzo ha sottoscritto con la cooperativa Utopia una convenzione per dare attuazione al progetto denominato\u00a0 \u201cDi.Agr.A.M.M.I\u201d\u00a0 (Diritti in Agricoltura attraverso Approcci Multistakeholder e Multidisciplinari per l&#8217;Integrazione e il Lavoro giusto) approvato dal Ministero del Lavoro, all&#8217;interno dell&#8217;Avviso 1\/2019 per la realizzazione di interventi di integrazione socio-lavorativa destinati a cittadini di paesi terzi regolarmente soggiornanti sul territorio italiano, vittime o potenziali vittime di sfruttamento lavorativo.<br>Il partenariato sul territorio \u00e8 composto dal soggetto proponente-Capofila (Federazione lavoratori agroindustria &#8211; Flai Cgil) dall&#8217;Ats Utopia-Siapa e da Oxfam.<br>Il progetto sar\u00e0 operativo sino al mese di giugno del prossimo anno.<div id=\"div-gpt-ad-Messinaoggi.it-DSK-300x250-corpoart\" style=\"text-align:center;margin:0 auto;\"><\/div><\/p>\n\n\n\n<p>Alla sottoscrizione della convenzione sono intervenuti gli assessori Pasquale Impellizzeri (servizi sociali) e Beatrice De Gaetano (Politiche giovanili, della famiglia e parit\u00e0 di genere) e il presidente della coop. Utopia, Francesco Giunta .<div id=\"videoincontent\" style=\"clear:both\";><\/div><\/p>\n\n\n\n<p>Un progetto che  \u2013  sottolinea l\u2019assessore ai servizi sociali, Pasquale Impellizzeri \u2013  rappresenta \u00abuna proposta di dignit\u00e0, di qualit\u00e0 e di sfida realizzata mediante il protagonismo delle istituzioni, delle parti sociali ed economiche e del terzo settore\u00bb.<\/p>\n\n\n\n<p>\u00abUn progetto anche \u00abdal grande valore  sociale\u00bb \u2013 aggiunge  Beatrice De Gaetano \u2013 perch\u00e9 oltre a fornire la dovuta assistenza ai migranti che operano o voglio accedere nel mondo del lavoro,  attraverso soprattutto il coinvolgimento delle imprese sane,  punta anche a interventi sull\u2019abitare e sui trasporti. Una proposta di dignit\u00e0, di legalit\u00e0 e qualit\u00e0  che conferma l\u2019attenzione dell\u2019Amministrazione verso queste problematiche e l\u2019impegno a dare vita a percorsi finalizzati alla protezione dallo sfruttamento lavorativo\u00bb.<\/p>\n\n\n\n<p>\u00abCon la sottoscrizione del protocollo di intesa del progetto Diagrammi Sud \u2013 a parlare \u00e8 Francesco Giunta  \u2013la cooperativa Utopia, soggetto attuatore, ed il Comune di Milazzo, partner fondamentale dell&#8217;iniziativa, aggiungono, in piena sinergia, un servizio importante  per sviluppare i percorsi di integrazione sociale dei cittadini stranieri presenti nel territorio comunale\u00bb. La coordinatrice del progetto  Erika Bucca ha spiegato che presso i locali del settore \u201cServizi sociali\u201d del Comune sar\u00e0 operativo anche uno Sportello,  aperto tutti i gioved\u00ec pomeriggio dalle 15 alle 18 con la presenza di  due operatori legali.                                                                                                       <\/p>\n","protected":false},"excerpt":{"rendered":"<p>L&#8217;amministrazione comunale di Milazzo ha sottoscritto con la cooperativa Utopia una convenzione per dare attuazione al progetto denominato\u00a0 \u201cDi.Agr.A.M.M.I\u201d\u00a0 (Diritti in Agricoltura attraverso Approcci Multistakeholder e Multidisciplinari per l&#8217;Integrazione e il Lavoro giusto) approvato dal Ministero del Lavoro, all&#8217;interno dell&#8217;Avviso 1\/2019 per la realizzazione di interventi di integrazione socio-lavorativa destinati a cittadini di paesi terzi [&hellip;]<\/p>\n","protected":false},"author":2,"featured_media":128829,"comment_status":"open","ping_status":"open","sticky":false,"template":"","format":"standard","meta":{"ub_ctt_via":"","_mi_skip_tracking":false},"categories":[13,14],"tags":[3173,5276,5277],"featured_image_src":"https:\/\/www.messinaoggi.it\/website\/wp-content\/uploads\/2022\/11\/mangano-magliarditi.jpg","author_info":{"display_name":"Redazione","author_link":"https:\/\/www.messinaoggi.it\/website\/author\/redazione\/"},"digistream_id":0,"digistream":false,"_links":{"self":[{"href":"https:\/\/www.messinaoggi.it\/website\/wp-json\/wp\/v2\/posts\/128828"}],"collection":[{"href":"https:\/\/www.messinaoggi.it\/website\/wp-json\/wp\/v2\/posts"}],"about":[{"href":"https:\/\/www.messinaoggi.it\/website\/wp-json\/wp\/v2\/types\/post"}],"author":[{"embeddable":true,"href":"https:\/\/www.messinaoggi.it\/website\/wp-json\/wp\/v2\/users\/2"}],"replies":[{"embeddable":true,"href":"https:\/\/www.messinaoggi.it\/website\/wp-json\/wp\/v2\/comments?post=128828"}],"version-history":[{"count":1,"href":"https:\/\/www.messinaoggi.it\/website\/wp-json\/wp\/v2\/posts\/128828\/revisions"}],"predecessor-version":[{"id":128830,"href":"https:\/\/www.messinaoggi.it\/website\/wp-json\/wp\/v2\/posts\/128828\/revisions\/128830"}],"wp:featuredmedia":[{"embeddable":true,"href":"https:\/\/www.messinaoggi.it\/website\/wp-json\/wp\/v2\/media\/128829"}],"wp:attachment":[{"href":"https:\/\/www.messinaoggi.it\/website\/wp-json\/wp\/v2\/media?parent=128828"}],"wp:term":[{"taxonomy":"category","embeddable":true,"href":"https:\/\/www.messinaoggi.it\/website\/wp-json\/wp\/v2\/categories?post=128828"},{"taxonomy":"post_tag","embeddable":true,"href":"https:\/\/www.messinaoggi.it\/website\/wp-json\/wp\/v2\/tags?post=128828"}],"curies":[{"name":"wp","href":"https:\/\/api.w.org\/{rel}","templated":true}]}}