{"id":128809,"date":"2022-11-07T20:17:51","date_gmt":"2022-11-07T19:17:51","guid":{"rendered":"https:\/\/www.messinaoggi.it\/website\/2022\/11\/07\/a-palermo-la-giornata-dellorgoglio-dellappartenenza-allavvocatura\/"},"modified":"2022-11-07T20:17:51","modified_gmt":"2022-11-07T19:17:51","slug":"a-palermo-la-giornata-dellorgoglio-dellappartenenza-allavvocatura","status":"publish","type":"post","link":"https:\/\/www.messinaoggi.it\/website\/2022\/11\/07\/a-palermo-la-giornata-dellorgoglio-dellappartenenza-allavvocatura\/","title":{"rendered":"A Palermo la Giornata dell\u2019orgoglio dell\u2019appartenenza all\u2019Avvocatura"},"content":{"rendered":"<div>\n<p>PALERMO (ITALPRESS) \u2013 Al Teatro Politeama \u201cGaribaldi\u201d di Palermo si \u00e8 svolta la \u201cGiornata dell\u2019Orgoglio dell\u2019Appartenenza all\u2019Avvocatura e dell\u2019Accoglienza dei Giovani\u201d.<br \/>La manifestazione, giunta alla sesta edizione, venne istituita nel 2016 dal Consiglio dell\u2019Ordine degli Avvocati di Palermo, con lo scopo di accogliere i giovani futuri avvocati e trasmettere loro i principi fondamentali della professione forense, nonch\u00e8 l\u2019orgoglio di \u201cessere Avvocati\u201d.<br \/>Nel corso della cerimonia, condotta dalla giornalista Elvira Terranova, sono stati premiati gli avvocati e le avvocatesse con 50 e 60 anni di attivit\u00e0 nonch\u00e8 coloro che nel corso della loro carriera lavorativa si sono contraddistinti in funzioni istituzionali dell\u2019avvocatura e in funzioni sociali e pubbliche.<br \/>La manifestazione si \u00e8 aperta con i saluti istituzionali del Presidente del Consiglio dell\u2019ordine degli Avvocati di Palermo, Antonello Armetta, che ha ulteriormente ribadito l\u2019importanza della giornata.<br \/>\u201cUn sentito ringraziamento all\u2019amministrazione comunale, che anche quest\u2019anno ci ha concesso il privilegio di essere qui \u2013 ha dichiarato Armetta \u2013 Grazie perch\u00e8 questa giornata non ha una finalit\u00e0 autocelebrativa ma ha l\u2019intento di coltivare l\u2019orgoglio di appartenere a questa categoria. Voglio ricordare quei colleghi e quei giuristi che oggi non sono qui con noi: la loro assenza pesa enormemente. E\u2019 stato un anno denso di attivit\u00e0 per il nostro Consiglio, abbiamo portato avanti diverse iniziative con grande determinazione. La giustizia non \u00e8 un servizio ma una funzione: non pu\u00f2 ammettere la velocit\u00e0 quale unico strumento per la misurazione della propria efficienza. Occorre riaffermare la centralit\u00e0 civile della figura degli avvocati \u2013 ha sottolineato Armetta \u2013 dovremmo sviluppare una visione chiara, equa e sostenibile del nostro avvenire\u201d.<br \/>La parola \u00e8 poi passata al Presidente della Regione, Renato Schifani, che ha esercitato per tanti anni la professione forense. \u201cSono qui oggi in qualit\u00e0 di avvocato e non di Presidente della Regione \u2013 ha esordito Schifani \u2013 Nel 1996, dopo quasi trent\u2019anni di carriera, ho intrapreso il mio percorso politico. Ma ho sempre seguito con grande attenzione gli sviluppi della professione forense. Mi sono battuto molto, quando ero Presidente del Senato, affinch\u00e8 venisse approvata la riforma forense. Era un intervento necessario per tutta la categoria. La Regione avr\u00e0 sempre la porta aperta nell\u2019ascoltare le esigenze della grande famiglia dell\u2019avvocatura. Ai giovani avvocati voglio dire di avere sempre grande coerenza, anche quando si tratta magari di rinunciare ad un incarico che andrebbe verso una sicura soccombenza\u201d.<br \/>Quindi sul palco, in rappresentanza del Sindaco di Palermo, il vice sindaco del capoluogo siciliano, Carolina Varchi.<br \/>\u201cSono molto emozionata di essere qui \u2013 ha esordito il vice sindaco \u2013 questa \u00e8 una giornata importante per la categoria. Tutti dobbiamo contribuire a mantenere il prestigio della nostra professione, che riveste un ruolo importante per la societ\u00e0. Come parlamentare mi sono battuta per diversi provvedimenti relativi al mondo forense e continuer\u00f2 a farlo. Il Comune di Palermo \u2013 ha concluso l\u2019avvocato Varchi \u2013 presta la massima attenzione alla categoria: diverse iniziative future saranno dedicate alla professione forense. Ai giovani ragazzi che oggi giurano voglio dire che la toga va indossata con libert\u00e0, libert\u00e0 che deve essere presente anche nel dire di no\u201d.<br \/>In rappresentanza del Consiglio nazionale forense era presente il vice presidente, Francesco Greco, che proprio nel 2016 istitu\u00ec la giornata dell\u2019orgoglio dell\u2019appartenenza all\u2019avvocatura e dell\u2019accoglienza dei giovani.<br \/>\u201cCredo fermamente nella funzione dell\u2019avvocatura, la nostra professione esiste dove sono presenti la democrazia e la libert\u00e0 \u2013 ha affermato Greco \u2013 Non possiamo non soffermarci sulla diminuzione del numero degli avvocati nel nostro Paese. Per la prima volta, infatti, si \u00e8 registrato un trend negativo sugli iscritti che deve far riflettere. Occorre riconsiderare il ruolo dell\u2019avvocato nella societ\u00e0: il rapporto tra cittadino e avvocato deve cambiare. L\u2019avvocato deve comprendere quali sono le esigenze concrete della societ\u00e0 civile\u201d.<br \/>Per i saluti istituzionali sul palco erano presenti anche l\u2019avvocato Accursio Gallo, componente dell\u2019Ufficio di coordinamento dell\u2019Organismo Congressuale Forense, e l\u2019avvocato Valter Militi, Presidente di Cassa Forense.<br \/>Le premiazioni degli avvocati con 60 anni di attivit\u00e0 sono iniziate con l\u2019intervento sul palco di Girolamo Bongiorno, storico rappresentante della categoria nonch\u00e8 emerito professore di diritto processuale civile dell\u2019Universit\u00e0 degli studi di Palermo. Successivamente \u00e8 stata assegnata la borsa di studio Donato Messina, conferita a Giusto Leone per la pratica forense in diritto penale. Quindi \u00e8 stata presentata la borsa di studio Andrea Ajello, in memoria del ragazzo palermitano tragicamente scomparso lo scorso 27 agosto in un incidente stradale.<br \/>Ajello stava per completare il suo percorso da avvocato, come aveva sempre sognato. La borsa di studio \u00e8 stata assegnata a Roberta Cirrito. <br \/>Un riconoscimento speciale, nel corso della manifestazione, \u00e8 stato poi assegnato all\u2019avvocato Federico Ferina. Successivamente sono state premiate le \u201ctoghe d\u2019oro\u201d (Alfredo Emanuele Blandi, Giuliana Guzzo, Marika Schiavo): i candidati che, nel corso delle sessioni di esami, hanno ottenuto il maggior punteggio nella valutazione complessiva.<br \/>L\u2019UNCAT, Unione Nazionale delle Camere degli Avvocati Tributaristi, rappresentata da Angelo Cuva, ha conferito un master gratuito in materia tributaria a Giuliana Guzzo.<br \/>Successivamente \u00e8 stato consegnato il Premio Maurizio Bellavista, intitolato alla memoria di uno dei decani dell\u2019avvocatura palermitana: il riconoscimento \u00e8 andato a Matteo Florena. A consegnare il prestigioso riconoscimento i fratelli avvocati Mario, Guglielmo e Fabrizio Bellavista. Un intermezzo musicale di Mario Bellavista ha accompagnato la cerimonia del Politeama, che si \u00e8 conclusa come di consueto con il giuramento e l\u2019impegno solenne dei giovani avvocati.<br \/>foto ufficio stampa Consiglio Ordine Avvocati di Palermo<br \/>(ITALPRESS).<div id=\"div-gpt-ad-Messinaoggi.it-DSK-300x250-corpoart\" style=\"text-align:center;margin:0 auto;\"><\/div><\/p>\n<\/div>\n<div id=\"videoincontent\" style=\"clear:both\";><\/div>","protected":false},"excerpt":{"rendered":"<p>PALERMO (ITALPRESS) \u2013 Al Teatro Politeama \u201cGaribaldi\u201d di Palermo si \u00e8 svolta la \u201cGiornata dell\u2019Orgoglio dell\u2019Appartenenza all\u2019Avvocatura e dell\u2019Accoglienza dei Giovani\u201d.La manifestazione, giunta alla sesta edizione, venne istituita nel 2016 dal Consiglio dell\u2019Ordine degli Avvocati di Palermo, con lo scopo di accogliere i giovani futuri avvocati e trasmettere loro i principi fondamentali della professione forense, [&hellip;]<\/p>\n","protected":false},"author":18,"featured_media":128810,"comment_status":"closed","ping_status":"closed","sticky":false,"template":"","format":"standard","meta":{"ub_ctt_via":"","_mi_skip_tracking":false},"categories":[2449],"tags":[783],"featured_image_src":"https:\/\/www.messinaoggi.it\/website\/wp-content\/uploads\/2022\/11\/20221107_2126.jpg","author_info":{"display_name":"Admin","author_link":"https:\/\/www.messinaoggi.it\/website\/author\/admin\/"},"digistream_id":0,"digistream":false,"_links":{"self":[{"href":"https:\/\/www.messinaoggi.it\/website\/wp-json\/wp\/v2\/posts\/128809"}],"collection":[{"href":"https:\/\/www.messinaoggi.it\/website\/wp-json\/wp\/v2\/posts"}],"about":[{"href":"https:\/\/www.messinaoggi.it\/website\/wp-json\/wp\/v2\/types\/post"}],"author":[{"embeddable":true,"href":"https:\/\/www.messinaoggi.it\/website\/wp-json\/wp\/v2\/users\/18"}],"replies":[{"embeddable":true,"href":"https:\/\/www.messinaoggi.it\/website\/wp-json\/wp\/v2\/comments?post=128809"}],"version-history":[{"count":0,"href":"https:\/\/www.messinaoggi.it\/website\/wp-json\/wp\/v2\/posts\/128809\/revisions"}],"wp:featuredmedia":[{"embeddable":true,"href":"https:\/\/www.messinaoggi.it\/website\/wp-json\/wp\/v2\/media\/128810"}],"wp:attachment":[{"href":"https:\/\/www.messinaoggi.it\/website\/wp-json\/wp\/v2\/media?parent=128809"}],"wp:term":[{"taxonomy":"category","embeddable":true,"href":"https:\/\/www.messinaoggi.it\/website\/wp-json\/wp\/v2\/categories?post=128809"},{"taxonomy":"post_tag","embeddable":true,"href":"https:\/\/www.messinaoggi.it\/website\/wp-json\/wp\/v2\/tags?post=128809"}],"curies":[{"name":"wp","href":"https:\/\/api.w.org\/{rel}","templated":true}]}}