{"id":128807,"date":"2022-11-07T20:07:54","date_gmt":"2022-11-07T19:07:54","guid":{"rendered":"https:\/\/www.messinaoggi.it\/website\/2022\/11\/07\/giorgetti-alleurogruppo-saremo-realisti-e-prudenti\/"},"modified":"2022-11-07T20:07:54","modified_gmt":"2022-11-07T19:07:54","slug":"giorgetti-alleurogruppo-saremo-realisti-e-prudenti","status":"publish","type":"post","link":"https:\/\/www.messinaoggi.it\/website\/2022\/11\/07\/giorgetti-alleurogruppo-saremo-realisti-e-prudenti\/","title":{"rendered":"Giorgetti all\u2019Eurogruppo \u201cSaremo realisti e prudenti\u201d"},"content":{"rendered":"<div>BRUXELLES (BELGIO) (ITALPRESS) &#8211; Prima uscita ufficiale di Giancarlo Giorgetti a Bruxelles come ministro dell&#8217;Economia. Oggi all&#8217;Eurogruppo (ministri economici dell&#8217;area euro) e domani Ecofin (ministri economici dei 27).  Il ministro italiano, ben noto negli ambienti comunitari per il precedente incarico allo Sviluppo Economico, ha illustrato le priorit\u00e0 della politica di bilancio assicurando la massima prudenza sui conti. La Nadef approvata la scorsa settimana  ha previsto per il 2023 circa 21 miliardi di euro al contrasto al caro bollette, da cui deriva anche l&#8217;impennata dell&#8217;inflazione. A queste risorse si aggiungono circa 9 miliardi derivanti dal cosiddetto extragettito del 2022. &#8220;L&#8217;obiettivo del governo  -ha spiegato il responsabile di via XX Settembre- &#8211; \u00e8 quello di mitigare gli effetti del caro energia su famiglie e imprese, concentrando su di essi larga parte degli interventi. Abbiamo affrontato e approvato la Nadef con un approccio prudente, realistico e sostenibile&#8221;, ha dichiarato ai colleghi. Il 2023 si apre con qualche sprazzo di luce per l&#8217;Italia  tenendo conto &#8220;del buon andamento dell&#8217;economia, confermato dalle ultime rilevazioni dell&#8217;Istat&#8221;. <br \/>Tuttavia non mancano i rischi  &#8220;collegati al mercato dell&#8217;energia e all&#8217;inflazione&#8221;. Giorgetti ha sottolineato l&#8217;importanza di una politica comune &#8220;per contrastare gli aumenti del prezzo dell&#8217;energia&#8221;. Ha anche evidenziato  la necessit\u00e0 che una nuova &#8216;governanc\u00e8 europea che tenga conto delle caratteristiche economiche e finanziarie specifiche dei diversi paesi dell&#8217;unione &#8220;riconoscendo il valore centrale della crescita nel garantire la sostenibilit\u00e0&#8221;. Per la prima volta da molto tempo un ministro italiano ha potuto disegnare &#8220;una prospettiva di governo di lunga durata  grazie alla forte e stabile maggioranza uscita dalle urne del 25 settembre&#8221;. Giorgetti, a margine del vertice europeo, ha avuto colloqui bilaterali con la ministra olandese Sigrid Kaag e con il presidente dell&#8217;Eurogruppo, Paschal Donohoe, prima di vedere a cena il francese Bruno Le Maire. &#8220;A tutti- come avverte una nota del Mef- ha garantito  l&#8217;approccio prudente e realista&#8221; che il governo seguir\u00e0 nella definizione della legge finanziaria per il 2023.<br \/>Un invito alla prudenza era arrivato dal commissario all&#8217;Economia  Paolo Gentiloni: &#8220;Oggi avremo l&#8217;occasione di sentire per la prima volta il ministro dell&#8217;Economia Giancarlo Giorgetti, che come \u00e8 tradizione nell&#8217;Eurogruppo nel primo incontro far\u00e0 alcune dichiarazioni programmatiche&#8221;, ha sottolineato  l&#8217;ex premier. &#8220;Confido che ci sia un atteggiamento di grande cautela come necessario soprattutto per i paesi ad alto debito. Cautela non significa non adottare misure possibilmente mirate sull&#8217;emergenza energetica&#8221;. Dall&#8217;Italia &#8220;ci aspettiamo una proposta di bilancio che riceveremo nel giro di un paio di settimane, e di cui daremo una valutazione  nel mese di dicembre &#8211; ha aggiunto -. Ci aspettiamo una proposta che tenga conto di questi orientamenti e dagli incontri che ho avuto con il ministro Giorgetti e con la presidente del Consiglio non dubito che sar\u00e0 cos\u00ec&#8221;.<br \/>Sullo sfondo si muove la nuova formulazione del Patto di Stabilit\u00e0 di cui si comincer\u00e0 a parlare all&#8217;inizio dell&#8217;anno prossimo; &#8220;Se consentiamo maggiore spazio per la flessibilit\u00e0 ci dovrebbe anche essere spazio per l&#8217;istituzione di un controllo efficace per garantire l&#8217;ottemperanza&#8221;, ha detto la ministra delle Finanze olandese Sigrid Kaag arrivando alla riunione coi colleghi.<br \/>(ITALPRESS).<\/div>\n<div id=\"div-gpt-ad-Messinaoggi.it-DSK-300x250-corpoart\" style=\"text-align:center;margin:0 auto;\"><\/div><\/p><div id=\"videoincontent\" style=\"clear:both\";><\/div>","protected":false},"excerpt":{"rendered":"<p>BRUXELLES (BELGIO) (ITALPRESS) &#8211; Prima uscita ufficiale di Giancarlo Giorgetti a Bruxelles come ministro dell&#8217;Economia. Oggi all&#8217;Eurogruppo (ministri economici dell&#8217;area euro) e domani Ecofin (ministri economici dei 27). Il ministro italiano, ben noto negli ambienti comunitari per il precedente incarico allo Sviluppo Economico, ha illustrato le priorit\u00e0 della politica di bilancio assicurando la massima prudenza [&hellip;]<\/p>\n","protected":false},"author":18,"featured_media":128808,"comment_status":"closed","ping_status":"closed","sticky":false,"template":"","format":"standard","meta":{"ub_ctt_via":"","_mi_skip_tracking":false},"categories":[446],"tags":[783],"featured_image_src":"https:\/\/www.messinaoggi.it\/website\/wp-content\/uploads\/2022\/11\/20221107_2025.jpg","author_info":{"display_name":"Admin","author_link":"https:\/\/www.messinaoggi.it\/website\/author\/admin\/"},"digistream_id":0,"digistream":false,"_links":{"self":[{"href":"https:\/\/www.messinaoggi.it\/website\/wp-json\/wp\/v2\/posts\/128807"}],"collection":[{"href":"https:\/\/www.messinaoggi.it\/website\/wp-json\/wp\/v2\/posts"}],"about":[{"href":"https:\/\/www.messinaoggi.it\/website\/wp-json\/wp\/v2\/types\/post"}],"author":[{"embeddable":true,"href":"https:\/\/www.messinaoggi.it\/website\/wp-json\/wp\/v2\/users\/18"}],"replies":[{"embeddable":true,"href":"https:\/\/www.messinaoggi.it\/website\/wp-json\/wp\/v2\/comments?post=128807"}],"version-history":[{"count":0,"href":"https:\/\/www.messinaoggi.it\/website\/wp-json\/wp\/v2\/posts\/128807\/revisions"}],"wp:featuredmedia":[{"embeddable":true,"href":"https:\/\/www.messinaoggi.it\/website\/wp-json\/wp\/v2\/media\/128808"}],"wp:attachment":[{"href":"https:\/\/www.messinaoggi.it\/website\/wp-json\/wp\/v2\/media?parent=128807"}],"wp:term":[{"taxonomy":"category","embeddable":true,"href":"https:\/\/www.messinaoggi.it\/website\/wp-json\/wp\/v2\/categories?post=128807"},{"taxonomy":"post_tag","embeddable":true,"href":"https:\/\/www.messinaoggi.it\/website\/wp-json\/wp\/v2\/tags?post=128807"}],"curies":[{"name":"wp","href":"https:\/\/api.w.org\/{rel}","templated":true}]}}