{"id":128777,"date":"2022-11-07T19:07:51","date_gmt":"2022-11-07T18:07:51","guid":{"rendered":"https:\/\/www.messinaoggi.it\/website\/2022\/11\/07\/cuzzilla-cida-sinergia-pubblico-privato-per-abbattere-la-burocrazia\/"},"modified":"2022-11-07T19:07:51","modified_gmt":"2022-11-07T18:07:51","slug":"cuzzilla-cida-sinergia-pubblico-privato-per-abbattere-la-burocrazia","status":"publish","type":"post","link":"https:\/\/www.messinaoggi.it\/website\/2022\/11\/07\/cuzzilla-cida-sinergia-pubblico-privato-per-abbattere-la-burocrazia\/","title":{"rendered":"Cuzzilla (Cida) \u201cSinergia pubblico-privato per abbattere la burocrazia\u201d"},"content":{"rendered":"<div>ROMA (ITALPRESS) &#8211; &#8220;In questo momento abbiamo una crisi energetica senza precedenti e una crisi pandemica ancora in atto&#8221;, oltre a &#8220;una crisi climatica&#8221; e &#8220;una crisi bellica non da poco&#8221;. Ci sono &#8220;sicuramente in atto dei cambiamenti, le aziende stanno cercando di riorganizzare il mondo del lavoro: per noi \u00e8 fondamentale avere un governo, \u00e8 fondamentale prendere decisioni&#8221; anche &#8220;alle porte di un Pnrr, che pu\u00f2 essere per noi la soluzione importante per dare delle risposte sul lavoro&#8221;. Lo ha detto Stefano Cuzzilla, presidente della Confederazione italiana dirigenti e alta professionalit\u00e0 (Cida), intervistato dall&#8217;Agenzia Italpress. &#8220;Non siamo in una situazione estremamente positiva: abbiamo 6 milioni di persone in stato di povert\u00e0, 3 milioni di giovani &#8216;neet&#8217; (cio\u00e8 quelli che non lavorano e non studiano) e non abbiamo nemmeno il massimo impiego delle donne nel mondo del lavoro&#8221;, spiega. <br \/>&#8220;Chiaramente ci attendiamo la messa a terra&#8221; del Pnrr e &#8220;lo ribadiremo il 15, durante la nostra assemblea all&#8217;Auditorium Parco della Musica di Roma, alla presenza delle istituzioni. Stiamo lavorando per preparare un dossier&#8221; che evidenzi &#8220;in maniera a scientifica le soluzioni da consegnare al governo e speriamo&#8221; di consegnarlo &#8220;al primo incontro che avremo: su questo siamo abbastanza fiduciosi, visto che il premier ha detto in uno dei primi discorsi che dar\u00e0 spazio alla rappresentanza. Per noi, questo \u00e8 fondamentale, perch\u00e8 negli ultimi anni non \u00e8 stato dato tanto spazio alla rappresentanza&#8221;, che invece oggi &#8220;pu\u00f2 fare un lavoro molto importante&#8221;. <br \/>Tra i vari dossier a cui sta lavorando la CIDA c&#8217;\u00e8 sicuramente quello sul clima. &#8220;Serve una strategia sull&#8217;emergenza climatica, che per un Paese significa guardare al futuro, non mettere delle &#8216;pezz\u00e8 altrimenti ci troveremo sempre in grande difficolt\u00e0. Siamo sicuramente d&#8217;accordo sul rigassificatore di Piombino, ma non possiamo ragionare sempre per l&#8217;emergenza: dobbiamo seguire una strategia precisa, se vogliamo rimanere un paese competitivo e non rischiare di essere a traino degli altri&#8221;. <br \/>Per la sanit\u00e0, invece, \u00e8 necessaria &#8220;una sinergia tra pubblico e privato, bisogna dare spazio alla sanit\u00e0 integrativa&#8221; e &#8220;allargare anche questo strumento al pubblico&#8221;, restituendo un &#8220;valore importante anche ai medici&#8221;, che &#8220;devono essere protagonisti di questo cambiamento&#8221;. Bisogna &#8220;dare uno spazio importante alla digitalizzazione della sanit\u00e0&#8221;, sottolinea. &#8220;Dobbiamo sicuramente dire la nostra su questo tema, al fianco dei medici che hanno pagato e stanno ancora pagando un presso molto alto, di cui qualcuno forse non si \u00e8 reso conto: dovremmo cosiderarlo nel rinnovo dei contratti di lavoro&#8221; e nell&#8217;ambito di una &#8220;progettazione della sanit\u00e0 futura&#8221;. <br \/>Un risultato &#8220;si pu\u00f2 ottenere lavorando insieme, senza essere in competizione tra pubblico e privato. Intanto anche sul pubblico stiamo avanzando delle proposte: per esempio, siamo contrari al tetto degli stipendi&#8221;, ribadisce. Poi &#8220;una sinergia tra pubblico e privato&#8221; pu\u00f2 portare a &#8220;un mix di competenze ed esperienze nei settori pi\u00f9 importanti&#8221;, in un momento di &#8220;grande cambiamento&#8221;. Anche la richiesta dei manager &#8220;\u00e8 aumentata in questo periodo&#8221;, a causa dei cambiamenti in azienda, della necessit\u00e0 di riprogrammare il lavoro, lo smart working, il welfare. Parlandosi di pi\u00f9, pubblico e privato possono trovare la sinergia migliore per portare il Paese ad essere efficiente ed abbattere una burocrazia pesante&#8221;.<div id=\"div-gpt-ad-Messinaoggi.it-DSK-300x250-corpoart\" style=\"text-align:center;margin:0 auto;\"><\/div><\/p>\n<p>&#8211; foto Italpress &#8211;<br \/>(ITALPRESS).<\/div>\n<div id=\"videoincontent\" style=\"clear:both\";><\/div>","protected":false},"excerpt":{"rendered":"<p>ROMA (ITALPRESS) &#8211; &#8220;In questo momento abbiamo una crisi energetica senza precedenti e una crisi pandemica ancora in atto&#8221;, oltre a &#8220;una crisi climatica&#8221; e &#8220;una crisi bellica non da poco&#8221;. Ci sono &#8220;sicuramente in atto dei cambiamenti, le aziende stanno cercando di riorganizzare il mondo del lavoro: per noi \u00e8 fondamentale avere un governo, [&hellip;]<\/p>\n","protected":false},"author":18,"featured_media":128778,"comment_status":"closed","ping_status":"closed","sticky":false,"template":"","format":"standard","meta":{"ub_ctt_via":"","_mi_skip_tracking":false},"categories":[446],"tags":[783],"featured_image_src":"https:\/\/www.messinaoggi.it\/website\/wp-content\/uploads\/2022\/11\/20221107_1892.jpg","author_info":{"display_name":"Admin","author_link":"https:\/\/www.messinaoggi.it\/website\/author\/admin\/"},"digistream_id":0,"digistream":false,"_links":{"self":[{"href":"https:\/\/www.messinaoggi.it\/website\/wp-json\/wp\/v2\/posts\/128777"}],"collection":[{"href":"https:\/\/www.messinaoggi.it\/website\/wp-json\/wp\/v2\/posts"}],"about":[{"href":"https:\/\/www.messinaoggi.it\/website\/wp-json\/wp\/v2\/types\/post"}],"author":[{"embeddable":true,"href":"https:\/\/www.messinaoggi.it\/website\/wp-json\/wp\/v2\/users\/18"}],"replies":[{"embeddable":true,"href":"https:\/\/www.messinaoggi.it\/website\/wp-json\/wp\/v2\/comments?post=128777"}],"version-history":[{"count":0,"href":"https:\/\/www.messinaoggi.it\/website\/wp-json\/wp\/v2\/posts\/128777\/revisions"}],"wp:featuredmedia":[{"embeddable":true,"href":"https:\/\/www.messinaoggi.it\/website\/wp-json\/wp\/v2\/media\/128778"}],"wp:attachment":[{"href":"https:\/\/www.messinaoggi.it\/website\/wp-json\/wp\/v2\/media?parent=128777"}],"wp:term":[{"taxonomy":"category","embeddable":true,"href":"https:\/\/www.messinaoggi.it\/website\/wp-json\/wp\/v2\/categories?post=128777"},{"taxonomy":"post_tag","embeddable":true,"href":"https:\/\/www.messinaoggi.it\/website\/wp-json\/wp\/v2\/tags?post=128777"}],"curies":[{"name":"wp","href":"https:\/\/api.w.org\/{rel}","templated":true}]}}