{"id":128763,"date":"2022-11-07T17:07:51","date_gmt":"2022-11-07T16:07:51","guid":{"rendered":"https:\/\/www.messinaoggi.it\/website\/2022\/11\/07\/immigrazione-conte-no-a-nazionalismo-arrogante\/"},"modified":"2022-11-07T17:53:55","modified_gmt":"2022-11-07T16:53:55","slug":"immigrazione-conte-no-a-nazionalismo-arrogante","status":"publish","type":"post","link":"https:\/\/www.messinaoggi.it\/website\/2022\/11\/07\/immigrazione-conte-no-a-nazionalismo-arrogante\/","title":{"rendered":"Immigrazione, Conte \u201cNo a nazionalismo arrogante\u201d"},"content":{"rendered":"<div>ROMA (ITALPRESS) &#8211; &#8220;Il tema dei flussi migratori \u00e8 ben complesso e va affrontato con politiche di ampio respiro, senza facili slogan o esibizioni muscolari a danno di persone e famiglie disperate. Soprattutto, questo Governo scoprir\u00e0 che il nazionalismo arrogante non porta da nessuna parte e che tutte le iniziative in materia vanno inquadrate in una dimensione di solidariet\u00e0 europea. Quella stessa solidariet\u00e0 a cui si oppongono proprio gli amici ungheresi e polacchi del presidente Meloni, che con le loro rigidit\u00e0 vorrebbero che le politiche migratorie fossero questione esclusiva dei Paesi di primo approdo, Italia compresa&#8221;. Cos\u00ec, in un post su Facebook, il presidente del M5S Giuseppe Conte. &#8220;L&#8217;urgenza di queste ore evidenzia invece che la gestione dei flussi migratori non pu\u00f2 essere demandata alle diverse disposizioni delle singole nazioni. Serve un coordinamento europeo per l&#8217;adozione di un meccanismo comunitario di gestione, accoglienza e redistribuzione dei migranti che raggiungono le coste europee&#8221;, aggiunge. &#8220;Dobbiamo incrementare le iniziative di cooperazione, nel segno di un partenariato fra eguali, con i Paesi terzi di origine e di transito delle rotte migratorie. Abbiamo bisogno di rafforzare il sistema dei rimpatri per i migranti che non hanno diritto ad alcuna protezione. Allo stesso tempo &#8211; osserva Conte -, \u00e8 necessario perorare il superamento del Trattato di Dublino e del criterio del paese di primo arrivo, nonch\u00e8 rilanciare l&#8217;istituzione di Centri di protezione internazionali nei Paesi di transito. Tutte queste iniziative vanno affrontate con equilibrio, perch\u00e8 il diritto di ogni Stato sovrano a controllare i propri confini non giustifica la violazione delle molteplici norme di diritto internazionale che tutelano la dignit\u00e0 di ogni essere umano. Lavoriamo in modo serio per soluzioni plausibili e pienamente in linea con la tutela dei diritti fondamentali&#8221;, conclude.<br \/>(ITALPRESS).<br \/>-foto agenziafotogramma.it-<\/div>\n<div id=\"div-gpt-ad-Messinaoggi.it-DSK-300x250-corpoart\" style=\"text-align:center;margin:0 auto;\"><\/div><\/p><div id=\"videoincontent\" style=\"clear:both\";><\/div>","protected":false},"excerpt":{"rendered":"<p>ROMA (ITALPRESS) &#8211; &#8220;Il tema dei flussi migratori \u00e8 ben complesso e va affrontato con politiche di ampio respiro, senza facili slogan o esibizioni muscolari a danno di persone e famiglie disperate. Soprattutto, questo Governo scoprir\u00e0 che il nazionalismo arrogante non porta da nessuna parte e che tutte le iniziative in materia vanno inquadrate in [&hellip;]<\/p>\n","protected":false},"author":18,"featured_media":128764,"comment_status":"closed","ping_status":"closed","sticky":false,"template":"","format":"standard","meta":{"ub_ctt_via":"","_mi_skip_tracking":false},"categories":[446,4],"tags":[783],"featured_image_src":"https:\/\/www.messinaoggi.it\/website\/wp-content\/uploads\/2022\/11\/20221107_1331.jpg","author_info":{"display_name":"Admin","author_link":"https:\/\/www.messinaoggi.it\/website\/author\/admin\/"},"digistream_id":0,"digistream":false,"_links":{"self":[{"href":"https:\/\/www.messinaoggi.it\/website\/wp-json\/wp\/v2\/posts\/128763"}],"collection":[{"href":"https:\/\/www.messinaoggi.it\/website\/wp-json\/wp\/v2\/posts"}],"about":[{"href":"https:\/\/www.messinaoggi.it\/website\/wp-json\/wp\/v2\/types\/post"}],"author":[{"embeddable":true,"href":"https:\/\/www.messinaoggi.it\/website\/wp-json\/wp\/v2\/users\/18"}],"replies":[{"embeddable":true,"href":"https:\/\/www.messinaoggi.it\/website\/wp-json\/wp\/v2\/comments?post=128763"}],"version-history":[{"count":1,"href":"https:\/\/www.messinaoggi.it\/website\/wp-json\/wp\/v2\/posts\/128763\/revisions"}],"predecessor-version":[{"id":128767,"href":"https:\/\/www.messinaoggi.it\/website\/wp-json\/wp\/v2\/posts\/128763\/revisions\/128767"}],"wp:featuredmedia":[{"embeddable":true,"href":"https:\/\/www.messinaoggi.it\/website\/wp-json\/wp\/v2\/media\/128764"}],"wp:attachment":[{"href":"https:\/\/www.messinaoggi.it\/website\/wp-json\/wp\/v2\/media?parent=128763"}],"wp:term":[{"taxonomy":"category","embeddable":true,"href":"https:\/\/www.messinaoggi.it\/website\/wp-json\/wp\/v2\/categories?post=128763"},{"taxonomy":"post_tag","embeddable":true,"href":"https:\/\/www.messinaoggi.it\/website\/wp-json\/wp\/v2\/tags?post=128763"}],"curies":[{"name":"wp","href":"https:\/\/api.w.org\/{rel}","templated":true}]}}