{"id":128687,"date":"2022-11-07T10:07:52","date_gmt":"2022-11-07T09:07:52","guid":{"rendered":"https:\/\/www.messinaoggi.it\/website\/2022\/11\/07\/immigrazione-salvini-italia-non-puo-essere-lasciata-sola\/"},"modified":"2022-11-07T10:11:06","modified_gmt":"2022-11-07T09:11:06","slug":"immigrazione-salvini-italia-non-puo-essere-lasciata-sola","status":"publish","type":"post","link":"https:\/\/www.messinaoggi.it\/website\/2022\/11\/07\/immigrazione-salvini-italia-non-puo-essere-lasciata-sola\/","title":{"rendered":"Immigrazione, Salvini \u201cItalia non pu\u00f2 essere lasciata sola\u201d"},"content":{"rendered":"<div>ROMA (ITALPRESS) &#8211; &#8220;Ringrazio il Santo Padre per le parole di ieri; salvare vite lo abbiamo sempre fatto e lo faremo, ma l&#8217;Italia non pu\u00f2 essere lasciata sola. Viviamo una stagione difficile per le famiglie italiane e per quelle straniere regolari, non possiamo fare sbarcare centomila persone irregolari&#8221;. Lo ha detto il vicepremier e ministro delle Infrastrutture, Matteo Salvini, a Rtl 102.5, intervenendo sul tema dei migranti. &#8220;Semplicemente si torna ad applicare la norma, si salvano le vite e si chiede all&#8217;Europa di intervenire. Se ci sono navi straniere, che siano spagnole, norvegesi, tedesche, sono di quei paesi e quei paesi non possono fregarsene. Sono sbarcati bambini, donne e malati, \u00e8 un principio che funziona nel mondo, detto questo l&#8217;Europa e la Germania devono farsene carico, perch\u00e8 una nave tedesca \u00e8 territorio tedesco&#8221;, ha aggiunto.<br \/>Quindi &#8220;torneremo a chiedere ricollocamenti e ridistribuzioni. Questi sono viaggi organizzati, chi \u00e8 a bordo di quelle navi paga tremila dollari che poi diventano armi e droga. Dobbiamo stroncare il traffico di esseri umani e quindi anche di droga e armi&#8221;. Per Salvini &#8220;non \u00e8 una questione di principio ma normativa, l&#8217;immigrazione va controllata. La gran parte dei migranti \u00e8 salvata dalla Guardia Costiera che interviene a soccorrere barchini e barconi allestiti dagli scafisti. Dobbiamo tornare a lavorare direttamente nel Nord Africa. In Libia non si pu\u00f2 andare a trattare, ma dobbiamo aiutare quei paesi a uscire dalla crisi&#8221;.<br \/>(ITALPRESS).<br \/>-foto agenziafotogramma.it-<\/div>\n<div id=\"div-gpt-ad-Messinaoggi.it-DSK-300x250-corpoart\" style=\"text-align:center;margin:0 auto;\"><\/div><\/p><div id=\"videoincontent\" style=\"clear:both\";><\/div>","protected":false},"excerpt":{"rendered":"<p>ROMA (ITALPRESS) &#8211; &#8220;Ringrazio il Santo Padre per le parole di ieri; salvare vite lo abbiamo sempre fatto e lo faremo, ma l&#8217;Italia non pu\u00f2 essere lasciata sola. Viviamo una stagione difficile per le famiglie italiane e per quelle straniere regolari, non possiamo fare sbarcare centomila persone irregolari&#8221;. Lo ha detto il vicepremier e ministro [&hellip;]<\/p>\n","protected":false},"author":18,"featured_media":128688,"comment_status":"closed","ping_status":"closed","sticky":false,"template":"","format":"standard","meta":{"ub_ctt_via":"","_mi_skip_tracking":false},"categories":[446,4],"tags":[783],"featured_image_src":"https:\/\/www.messinaoggi.it\/website\/wp-content\/uploads\/2022\/11\/20221107_0185.jpg","author_info":{"display_name":"Admin","author_link":"https:\/\/www.messinaoggi.it\/website\/author\/admin\/"},"digistream_id":0,"digistream":false,"_links":{"self":[{"href":"https:\/\/www.messinaoggi.it\/website\/wp-json\/wp\/v2\/posts\/128687"}],"collection":[{"href":"https:\/\/www.messinaoggi.it\/website\/wp-json\/wp\/v2\/posts"}],"about":[{"href":"https:\/\/www.messinaoggi.it\/website\/wp-json\/wp\/v2\/types\/post"}],"author":[{"embeddable":true,"href":"https:\/\/www.messinaoggi.it\/website\/wp-json\/wp\/v2\/users\/18"}],"replies":[{"embeddable":true,"href":"https:\/\/www.messinaoggi.it\/website\/wp-json\/wp\/v2\/comments?post=128687"}],"version-history":[{"count":1,"href":"https:\/\/www.messinaoggi.it\/website\/wp-json\/wp\/v2\/posts\/128687\/revisions"}],"predecessor-version":[{"id":128689,"href":"https:\/\/www.messinaoggi.it\/website\/wp-json\/wp\/v2\/posts\/128687\/revisions\/128689"}],"wp:featuredmedia":[{"embeddable":true,"href":"https:\/\/www.messinaoggi.it\/website\/wp-json\/wp\/v2\/media\/128688"}],"wp:attachment":[{"href":"https:\/\/www.messinaoggi.it\/website\/wp-json\/wp\/v2\/media?parent=128687"}],"wp:term":[{"taxonomy":"category","embeddable":true,"href":"https:\/\/www.messinaoggi.it\/website\/wp-json\/wp\/v2\/categories?post=128687"},{"taxonomy":"post_tag","embeddable":true,"href":"https:\/\/www.messinaoggi.it\/website\/wp-json\/wp\/v2\/tags?post=128687"}],"curies":[{"name":"wp","href":"https:\/\/api.w.org\/{rel}","templated":true}]}}