{"id":128674,"date":"2022-11-07T08:49:38","date_gmt":"2022-11-07T07:49:38","guid":{"rendered":"http:\/\/www.messinaoggi.it\/website\/?p=128674"},"modified":"2022-11-07T22:10:34","modified_gmt":"2022-11-07T21:10:34","slug":"de-luca-prepara-il-grande-ritorno","status":"publish","type":"post","link":"https:\/\/www.messinaoggi.it\/website\/2022\/11\/07\/de-luca-prepara-il-grande-ritorno\/","title":{"rendered":"De Luca prepara il grande ritorno"},"content":{"rendered":"\n<p>Cateno De Luca sta decisamente meglio e pare voglia rientrare nell&#8217;agone della politica abbastanza presto. Forse gi\u00e0 in settimana, si vocifera di una diretta Social che dovrebbe tenersi fra gioved\u00ec e venerd\u00ec.<div id=\"div-gpt-ad-Messinaoggi.it-DSK-300x250-corpoart\" style=\"text-align:center;margin:0 auto;\"><\/div><\/p>\n\n\n\n<p>Il percorso riabilitativo del leader di Sicilia Vera prosegue bene e serpeggia un certo ottimismo. Chi lo conosce bene, dice che De Luca non vede l&#8217;ora di abbracciare virtualmente il suo popolo che attende il suo rientro.<div id=\"videoincontent\" style=\"clear:both\";><\/div><\/p>\n\n\n\n<p>Si parla di un rientro soft che sar\u00e0 avviato con qualche diretta Fb prima del ritorno in presenza sulla scena politica siciliana. Non \u00e8 escluso che Cateno De Luca gi\u00e0 gioved\u00ec 10 novembre possa presentarsi all&#8217;Ars per la convocazione della prima seduta del nuovo parlamento siciliano.<\/p>\n","protected":false},"excerpt":{"rendered":"<p>Cateno De Luca sta decisamente meglio e pare voglia rientrare nell&#8217;agone della politica abbastanza presto. Forse gi\u00e0 in settimana, si vocifera di una diretta Social che dovrebbe tenersi fra gioved\u00ec e venerd\u00ec. Il percorso riabilitativo del leader di Sicilia Vera prosegue bene e serpeggia un certo ottimismo. Chi lo conosce bene, dice che De Luca [&hellip;]<\/p>\n","protected":false},"author":2,"featured_media":127712,"comment_status":"open","ping_status":"open","sticky":false,"template":"","format":"standard","meta":{"ub_ctt_via":"","_mi_skip_tracking":false},"categories":[5],"tags":[126,1223,5265],"featured_image_src":"https:\/\/www.messinaoggi.it\/website\/wp-content\/uploads\/2022\/10\/DE-LUCA-E-PROF.-TOSCANO.jpeg","author_info":{"display_name":"Redazione","author_link":"https:\/\/www.messinaoggi.it\/website\/author\/redazione\/"},"digistream_id":0,"digistream":false,"_links":{"self":[{"href":"https:\/\/www.messinaoggi.it\/website\/wp-json\/wp\/v2\/posts\/128674"}],"collection":[{"href":"https:\/\/www.messinaoggi.it\/website\/wp-json\/wp\/v2\/posts"}],"about":[{"href":"https:\/\/www.messinaoggi.it\/website\/wp-json\/wp\/v2\/types\/post"}],"author":[{"embeddable":true,"href":"https:\/\/www.messinaoggi.it\/website\/wp-json\/wp\/v2\/users\/2"}],"replies":[{"embeddable":true,"href":"https:\/\/www.messinaoggi.it\/website\/wp-json\/wp\/v2\/comments?post=128674"}],"version-history":[{"count":1,"href":"https:\/\/www.messinaoggi.it\/website\/wp-json\/wp\/v2\/posts\/128674\/revisions"}],"predecessor-version":[{"id":128675,"href":"https:\/\/www.messinaoggi.it\/website\/wp-json\/wp\/v2\/posts\/128674\/revisions\/128675"}],"wp:featuredmedia":[{"embeddable":true,"href":"https:\/\/www.messinaoggi.it\/website\/wp-json\/wp\/v2\/media\/127712"}],"wp:attachment":[{"href":"https:\/\/www.messinaoggi.it\/website\/wp-json\/wp\/v2\/media?parent=128674"}],"wp:term":[{"taxonomy":"category","embeddable":true,"href":"https:\/\/www.messinaoggi.it\/website\/wp-json\/wp\/v2\/categories?post=128674"},{"taxonomy":"post_tag","embeddable":true,"href":"https:\/\/www.messinaoggi.it\/website\/wp-json\/wp\/v2\/tags?post=128674"}],"curies":[{"name":"wp","href":"https:\/\/api.w.org\/{rel}","templated":true}]}}