{"id":128668,"date":"2022-11-07T08:42:00","date_gmt":"2022-11-07T07:42:00","guid":{"rendered":"http:\/\/www.messinaoggi.it\/website\/?p=128668"},"modified":"2022-11-07T08:44:21","modified_gmt":"2022-11-07T07:44:21","slug":"aspettando-la-svolta-messina-sprofonda","status":"publish","type":"post","link":"https:\/\/www.messinaoggi.it\/website\/2022\/11\/07\/aspettando-la-svolta-messina-sprofonda\/","title":{"rendered":"Aspettando &#8220;la svolta&#8221; Messina sprofonda"},"content":{"rendered":"\n<p>Il sindaco <strong>Federico Basile<\/strong> in una intervista rilasciata recentemente parla di &#8220;svolta&#8221;. L&#8217;ex sindaco <strong>Cateno De Luca<\/strong> aveva anche chiesto all&#8217;amministrazione comunale un &#8220;cambio di passo&#8221;, ma la classifica pubblicata ieri da &#8220;Italia Oggi&#8221; relega Messina negli ultimi posti delle classifiche nazionali per &#8220;<strong>qualit\u00e0 della vita<\/strong>&#8220;. <div id=\"div-gpt-ad-Messinaoggi.it-DSK-300x250-corpoart\" style=\"text-align:center;margin:0 auto;\"><\/div><\/p>\n\n\n\n<p>Un dato impietoso, bench\u00e9 la citt\u00e0 dello Stretto abbia recuperato due posizioni, in una graduatoria che vede complessivamente la Sicilia in coda alla classifica.<div id=\"videoincontent\" style=\"clear:both\";><\/div><\/p>\n\n\n\n<p>Insomma, la svolta non \u00e8 poi dietro l&#8217;angolo come si vuole lasciare intendere, perch\u00e9 prima che Messina possa raggiungere uno standard di vita accettabile si dovranno fare cos\u00ec tante cose che \u00e8 impensabile invertire il trend.<\/p>\n\n\n\n<p><strong>Federico Basile<\/strong>, ovviamente, \u00e8 esente da colpe e allora \u00e8 giusto osservare che le responsabilit\u00e0 ricadono su quelli che c&#8217;erano prima. E&#8217; stato un autentico &#8220;mantra&#8221; ripetuto ad ogni diretta dall&#8217;ex sindaco, <strong>Cateno De Luca<\/strong>, il quale era solito prendersela con gli altri. Ormai &#8220;quelli di prima&#8221;, intesi come i politici, appartengono alla preistoria della citt\u00e0. Infatti, se vogliamo essere precisi, l&#8217;ultimo sindaco catalogabile fra quelli di prima \u00e8 stato <strong>Peppino Buzzanca<\/strong>. <\/p>\n\n\n\n<p>Parliamo del 2013, mese di giugno, poi il sindaco del centro-destra si dimise per correre alle regionali.<\/p>\n\n\n\n<p>Da quella data, Messina ha avuto ben tre sindaci compreso Federico Basile. Cos&#8217;\u00e8 cambiato? A leggere le classifiche dei quotidiani economici, decisamente niente. La citt\u00e0 dello Stretto era in coda prima e continua ad esserlo. <\/p>\n\n\n\n<p>E forse non cambier\u00e0 nulla. A meno che<strong> Federico Basile<\/strong> non riesca ad imprimere la &#8220;svolta&#8221;&#8230;<\/p>\n\n\n\n<p class=\"has-text-align-right\"><strong>Davide Gambale<\/strong><\/p>\n","protected":false},"excerpt":{"rendered":"<p>Il sindaco Federico Basile in una intervista rilasciata recentemente parla di &#8220;svolta&#8221;. L&#8217;ex sindaco Cateno De Luca aveva anche chiesto all&#8217;amministrazione comunale un &#8220;cambio di passo&#8221;, ma la classifica pubblicata ieri da &#8220;Italia Oggi&#8221; relega Messina negli ultimi posti delle classifiche nazionali per &#8220;qualit\u00e0 della vita&#8220;. Un dato impietoso, bench\u00e9 la citt\u00e0 dello Stretto abbia [&hellip;]<\/p>\n","protected":false},"author":2,"featured_media":123558,"comment_status":"open","ping_status":"open","sticky":false,"template":"","format":"standard","meta":{"ub_ctt_via":"","_mi_skip_tracking":false},"categories":[19],"tags":[126,2972,5263,5264,4279],"featured_image_src":"https:\/\/www.messinaoggi.it\/website\/wp-content\/uploads\/2022\/09\/286678412_10221686931230439_693785492802337477_n.jpg","author_info":{"display_name":"Redazione","author_link":"https:\/\/www.messinaoggi.it\/website\/author\/redazione\/"},"digistream_id":0,"digistream":false,"_links":{"self":[{"href":"https:\/\/www.messinaoggi.it\/website\/wp-json\/wp\/v2\/posts\/128668"}],"collection":[{"href":"https:\/\/www.messinaoggi.it\/website\/wp-json\/wp\/v2\/posts"}],"about":[{"href":"https:\/\/www.messinaoggi.it\/website\/wp-json\/wp\/v2\/types\/post"}],"author":[{"embeddable":true,"href":"https:\/\/www.messinaoggi.it\/website\/wp-json\/wp\/v2\/users\/2"}],"replies":[{"embeddable":true,"href":"https:\/\/www.messinaoggi.it\/website\/wp-json\/wp\/v2\/comments?post=128668"}],"version-history":[{"count":3,"href":"https:\/\/www.messinaoggi.it\/website\/wp-json\/wp\/v2\/posts\/128668\/revisions"}],"predecessor-version":[{"id":128673,"href":"https:\/\/www.messinaoggi.it\/website\/wp-json\/wp\/v2\/posts\/128668\/revisions\/128673"}],"wp:featuredmedia":[{"embeddable":true,"href":"https:\/\/www.messinaoggi.it\/website\/wp-json\/wp\/v2\/media\/123558"}],"wp:attachment":[{"href":"https:\/\/www.messinaoggi.it\/website\/wp-json\/wp\/v2\/media?parent=128668"}],"wp:term":[{"taxonomy":"category","embeddable":true,"href":"https:\/\/www.messinaoggi.it\/website\/wp-json\/wp\/v2\/categories?post=128668"},{"taxonomy":"post_tag","embeddable":true,"href":"https:\/\/www.messinaoggi.it\/website\/wp-json\/wp\/v2\/tags?post=128668"}],"curies":[{"name":"wp","href":"https:\/\/api.w.org\/{rel}","templated":true}]}}