{"id":128602,"date":"2022-11-06T10:07:54","date_gmt":"2022-11-06T09:07:54","guid":{"rendered":"https:\/\/www.messinaoggi.it\/website\/2022\/11\/06\/ucrainaletta-giusto-essere-in-piazza-anche-a-costo-di-contestazioni\/"},"modified":"2022-11-06T10:07:54","modified_gmt":"2022-11-06T09:07:54","slug":"ucrainaletta-giusto-essere-in-piazza-anche-a-costo-di-contestazioni","status":"publish","type":"post","link":"https:\/\/www.messinaoggi.it\/website\/2022\/11\/06\/ucrainaletta-giusto-essere-in-piazza-anche-a-costo-di-contestazioni\/","title":{"rendered":"Ucraina,Letta \u201cGiusto essere in piazza anche a costo di contestazioni\u201d"},"content":{"rendered":"<div>MILANO (ITALPRESS) &#8211; &#8220;E&#8217; stato giusto esserci anche a costo di subire piccole contestazioni. Sono molto contento di essere andato personalmente, contento che c&#8217;era tanto Pd, contento di come \u00e8 andata, perch\u00e8 \u00e8 stata una grande manifestazione con parole giuste, soprattutto negli interventi che hanno concluso (quelli di Riccardi, di don Ciotti e di Landini), tre interventi forti con messaggi forti e una piazza in cui anche le nostre ragioni avevano cittadinanza&#8221;. Lo ha detto il segretario Dem, Enrico Letta ad Avvenire, all&#8217;indomani della manifestazione per la Pace di piazza San Giovanni a Roma. A proposito invece della piazza di Milano, Letta ha detto: &#8220;Questa di Roma era chiamata dalla societ\u00e0 civile. Quella di Milano \u00e8 stata pi\u00f9 politica, e anche l\u00ec hanno partecipato militanti del Pd. Non bisogna fare nessuna polemica o contrapposizione tra le piazze. Sbaglia chi vuole contrapporle e non \u00e8 un caso che il nostro atteggiamento \u00e8 di essere in tutte le piazze dove si chiede pace e dove la pace non \u00e8 equidistante, cio\u00e8 non mette sullo stesso piano l&#8217;invasore e l&#8217;invaso&#8221;.(ITALPRESS).<div id=\"div-gpt-ad-Messinaoggi.it-DSK-300x250-corpoart\" style=\"text-align:center;margin:0 auto;\"><\/div><\/p>\n<p>Photo Credits: www.agenziafotogramma.it<\/div>\n<div id=\"videoincontent\" style=\"clear:both\";><\/div>","protected":false},"excerpt":{"rendered":"<p>MILANO (ITALPRESS) &#8211; &#8220;E&#8217; stato giusto esserci anche a costo di subire piccole contestazioni. Sono molto contento di essere andato personalmente, contento che c&#8217;era tanto Pd, contento di come \u00e8 andata, perch\u00e8 \u00e8 stata una grande manifestazione con parole giuste, soprattutto negli interventi che hanno concluso (quelli di Riccardi, di don Ciotti e di Landini), [&hellip;]<\/p>\n","protected":false},"author":18,"featured_media":128603,"comment_status":"closed","ping_status":"closed","sticky":false,"template":"","format":"standard","meta":{"ub_ctt_via":"","_mi_skip_tracking":false},"categories":[446],"tags":[783],"featured_image_src":"https:\/\/www.messinaoggi.it\/website\/wp-content\/uploads\/2022\/11\/20221106_0095.jpg","author_info":{"display_name":"Admin","author_link":"https:\/\/www.messinaoggi.it\/website\/author\/admin\/"},"digistream_id":0,"digistream":false,"_links":{"self":[{"href":"https:\/\/www.messinaoggi.it\/website\/wp-json\/wp\/v2\/posts\/128602"}],"collection":[{"href":"https:\/\/www.messinaoggi.it\/website\/wp-json\/wp\/v2\/posts"}],"about":[{"href":"https:\/\/www.messinaoggi.it\/website\/wp-json\/wp\/v2\/types\/post"}],"author":[{"embeddable":true,"href":"https:\/\/www.messinaoggi.it\/website\/wp-json\/wp\/v2\/users\/18"}],"replies":[{"embeddable":true,"href":"https:\/\/www.messinaoggi.it\/website\/wp-json\/wp\/v2\/comments?post=128602"}],"version-history":[{"count":0,"href":"https:\/\/www.messinaoggi.it\/website\/wp-json\/wp\/v2\/posts\/128602\/revisions"}],"wp:featuredmedia":[{"embeddable":true,"href":"https:\/\/www.messinaoggi.it\/website\/wp-json\/wp\/v2\/media\/128603"}],"wp:attachment":[{"href":"https:\/\/www.messinaoggi.it\/website\/wp-json\/wp\/v2\/media?parent=128602"}],"wp:term":[{"taxonomy":"category","embeddable":true,"href":"https:\/\/www.messinaoggi.it\/website\/wp-json\/wp\/v2\/categories?post=128602"},{"taxonomy":"post_tag","embeddable":true,"href":"https:\/\/www.messinaoggi.it\/website\/wp-json\/wp\/v2\/tags?post=128602"}],"curies":[{"name":"wp","href":"https:\/\/api.w.org\/{rel}","templated":true}]}}