{"id":128418,"date":"2022-11-04T16:07:52","date_gmt":"2022-11-04T15:07:52","guid":{"rendered":"https:\/\/www.messinaoggi.it\/website\/2022\/11\/04\/marini-guida-le-libere-a-valencia-quartararo-precede-bagnaia\/"},"modified":"2022-11-04T16:07:52","modified_gmt":"2022-11-04T15:07:52","slug":"marini-guida-le-libere-a-valencia-quartararo-precede-bagnaia","status":"publish","type":"post","link":"https:\/\/www.messinaoggi.it\/website\/2022\/11\/04\/marini-guida-le-libere-a-valencia-quartararo-precede-bagnaia\/","title":{"rendered":"Marini guida le libere a Valencia, Quartararo precede Bagnaia"},"content":{"rendered":"<div>VALENCIA (SPAGNA) (ITALPRESS) &#8211; Luca Marini, in sella alla Ducati del Mooney VR46 Racing Team, con il tempo di 1&#8217;30&#8243;217 chiude in testa le seconde libere della Motogp a Valencia, un tempo che gli vale anche il primato nella classifica combinata del venerd\u00ec. Il fratello di Valentino Rossi &#8211; presente al &#8220;Ricardo Tormo&#8221; su invito di Pecco Bagnaia &#8211; ha preceduto altre due Ducati, quella del team Pramac affidata a Jorge Martin (+0&#8243;105) e la Desmosedici ufficiale di Jack Miller (+0&#8243;128). Quarto con la Honda Marc Marquez, pi\u00f9 lento di 173 millesimi, quinto posto per Enea Bastianini (+0&#8243;177) davanti a Miguel Oliveira (+0&#8243;205), settimo Johann Zarco a poco pi\u00f9 di due decimi. In ottava e nona posizione i protagonisti pi\u00f9 attesi del weekend: Fabio Quartararo, campione del mondo in carica e che per confermarsi \u00e8 obbligato domenica a vincere sperando che Bagnaia non faccia meglio del 15esimo posto, ottiene l&#8217;ottavo tempo (al mattino era stato il pi\u00f9 veloce in 1&#8217;31&#8243;399), staccato con la sua Yamaha di 225 millesimi rispetto a Marini; il ducatista, a +23 nella classifica iridata sul Diablo, ottiene invece il nono riscontro cronometrico (+0&#8243;230, appena 5 millesimi di differenza con Quartararo) riscattando una prima sessione che lo aveva visto in grosse difficolt\u00e0 (17^). A seguire Brad Binder su Ktm, con i primi dieci raccolti in poco pi\u00f9 di tre decimi. Nella seconda sessione sono scivolati, senza conseguenze, Aleix Espargaro, Marc Marquez, Di Giannantonio e Morbidelli. &#8220;Pecco sta affrontando una gara normalissima anche se non deve fare stupidate &#8211; le parole al termine delle Fp2 di Davide Tardozzi, team manager Ducati &#8211; Il pilota \u00e8 veloce, la moto \u00e8 competitiva, deve restare tranquillo. La pressione \u00e8 pi\u00f9 su Quartararo che deve solo vincere&#8221;.<br \/>&#8211; foto LivePhotoSport &#8211; <br \/>(ITALPRESS).<\/div>\n<div id=\"div-gpt-ad-Messinaoggi.it-DSK-300x250-corpoart\" style=\"text-align:center;margin:0 auto;\"><\/div><\/p><div id=\"videoincontent\" style=\"clear:both\";><\/div>","protected":false},"excerpt":{"rendered":"<p>VALENCIA (SPAGNA) (ITALPRESS) &#8211; Luca Marini, in sella alla Ducati del Mooney VR46 Racing Team, con il tempo di 1&#8217;30&#8243;217 chiude in testa le seconde libere della Motogp a Valencia, un tempo che gli vale anche il primato nella classifica combinata del venerd\u00ec. Il fratello di Valentino Rossi &#8211; presente al &#8220;Ricardo Tormo&#8221; su invito [&hellip;]<\/p>\n","protected":false},"author":18,"featured_media":128419,"comment_status":"closed","ping_status":"closed","sticky":false,"template":"","format":"standard","meta":{"ub_ctt_via":"","_mi_skip_tracking":false},"categories":[446],"tags":[783],"featured_image_src":"https:\/\/www.messinaoggi.it\/website\/wp-content\/uploads\/2022\/11\/20221104_1452.jpg","author_info":{"display_name":"Admin","author_link":"https:\/\/www.messinaoggi.it\/website\/author\/admin\/"},"digistream_id":0,"digistream":false,"_links":{"self":[{"href":"https:\/\/www.messinaoggi.it\/website\/wp-json\/wp\/v2\/posts\/128418"}],"collection":[{"href":"https:\/\/www.messinaoggi.it\/website\/wp-json\/wp\/v2\/posts"}],"about":[{"href":"https:\/\/www.messinaoggi.it\/website\/wp-json\/wp\/v2\/types\/post"}],"author":[{"embeddable":true,"href":"https:\/\/www.messinaoggi.it\/website\/wp-json\/wp\/v2\/users\/18"}],"replies":[{"embeddable":true,"href":"https:\/\/www.messinaoggi.it\/website\/wp-json\/wp\/v2\/comments?post=128418"}],"version-history":[{"count":0,"href":"https:\/\/www.messinaoggi.it\/website\/wp-json\/wp\/v2\/posts\/128418\/revisions"}],"wp:featuredmedia":[{"embeddable":true,"href":"https:\/\/www.messinaoggi.it\/website\/wp-json\/wp\/v2\/media\/128419"}],"wp:attachment":[{"href":"https:\/\/www.messinaoggi.it\/website\/wp-json\/wp\/v2\/media?parent=128418"}],"wp:term":[{"taxonomy":"category","embeddable":true,"href":"https:\/\/www.messinaoggi.it\/website\/wp-json\/wp\/v2\/categories?post=128418"},{"taxonomy":"post_tag","embeddable":true,"href":"https:\/\/www.messinaoggi.it\/website\/wp-json\/wp\/v2\/tags?post=128418"}],"curies":[{"name":"wp","href":"https:\/\/api.w.org\/{rel}","templated":true}]}}