{"id":128414,"date":"2022-11-04T15:17:51","date_gmt":"2022-11-04T14:17:51","guid":{"rendered":"https:\/\/www.messinaoggi.it\/website\/2022\/11\/04\/autunno-a-villa-igiea-a-palermo-larte-e-protagonista\/"},"modified":"2022-11-04T15:17:51","modified_gmt":"2022-11-04T14:17:51","slug":"autunno-a-villa-igiea-a-palermo-larte-e-protagonista","status":"publish","type":"post","link":"https:\/\/www.messinaoggi.it\/website\/2022\/11\/04\/autunno-a-villa-igiea-a-palermo-larte-e-protagonista\/","title":{"rendered":"Autunno a Villa Igiea a Palermo, l\u2019arte \u00e8 protagonista"},"content":{"rendered":"<div>\n<p>PALERMO (ITALPRESS) \u2013 Non solo temperature miti e giornate soleggiate che allungano l\u2019estate anche fino novembre inoltrato, Rocco Forte Hotels scommette sull\u2019autunno a Palermo come stagione ideale per short break all\u2019insegna dell\u2019arte e della cultura inaugurando una serie di iniziative dedicate nell\u2019indirizzo-gioiello di Villa Igiea. L\u2019iconico palazzo affacciato sul golfo del capoluogo siciliano, legato a filo doppio alla storia e all\u2019evoluzione di Palermo nell\u2019ultimo secolo, \u00e8 infatti meta d\u2019elezione da cui partire per scoprire la terza edizione di BAM \u2013  la Biennale Arcipelago Mediterraneo, che fino al 22 gennaio 2023 vede protagonisti pi\u00f9 di venti progetti diffusi ospitati all\u2019interno di chiese, palazzi, monumenti e strade della citt\u00e0. Incentrato sul tema delle identit\u00e0 plurali, il festival internazionale quest\u2019anno vede il gemellaggio con la Biennale di S\u00e8te a Los Angeles e un ricco calendario di mostre, esibizioni e incontri letterari tra cui spicca la performance dell\u2019incisore Fran\u00e7ois Dezeuze. Ad accendere il Gran Finale della manifestazione sar\u00e0 il rinomato artista inglese Paul Harbutt, che dopo una lunga carriera negli Stati Uniti sbarcher\u00e0 in Sicilia per presentare la sua personale NOMAD curata da David Cohen.<br \/>Collateralmente al calendario di eventi cittadino, Rocco Forte Hotels e Villa Igiea si fanno promotori delle massime espressioni artistiche e architettoniche della citt\u00e0 proponendo agli ospiti una serie di esperienze uniche: dalle visite esclusive a Palazzo Butera \u2013 principesca dimora di cui \u00e8 possibile scoprire  i raffinati appartamenti ma anche la collezione di opere d\u2019arte del Principe Valsecchi \u2013 agli itinerari d\u2019artista, due percorsi a Palermo e dintorni appositamente studiati da noti artisti locali.<br \/>Il primo itinerario porta la firma di Francesco Domilici, fotografo i cui lavori sono stati esposti alla Royal Academy di Londra, che guida gli ospiti tra le strade di Bagheria \u2013 sua citt\u00e0 natale, internazionalmente conosciuta per le storiche ville del \u2018700 e per la collezione di Guttuso custodita nell\u2019omonimo museo. Si prosegue con una visita del laboratorio artigianale Ducato, dove ammirare i dipinti dei tradizionali carretti siciliani, concludendo il tour presso l\u2019atelier del fotografo.<br \/>Nicola Pucci, pittore palermitano autore di opere d\u2019arte contemporanea presenti \u2013 fra le altre \u2013 nelle collezioni di Carlo Bilotti e Fondazione Fendi, accompagna invece gli ospiti di Villa Igiea in un viaggio alla scoperta dei luoghi meno conosciuti di Palermo, che racchiudono un fascino artistico unico ai suoi occhi. L\u2019itinerario include la visita all\u2019Oratorio di San Lorenzo, impreziosito dal ricco repertorio di stucchi di Giacomo Serpotta, e alla Chiesa della Madonna della Mazza, celebre per le due pale d\u2019altare di Adrian Ghenie. L\u2019artista conclude il tour accogliendo gli ospiti nella propria casa-studio per un pranzo tradizionale siciliano a base di prodotti e vini locali.<br \/>Numerosi anche gli happening in hotel \u2013 accessibili agli ospiti interni ed esterni \u2013 proposti fino alla chiusura stagionale a gennaio, fra cui mostre temporanee di artisti locali e non allestite negli spazi comuni della Palazzina Donna Franca e gli imperdibili Caff\u00e8 Letterari mensili con Stefania Auci.<br \/>L\u2019autrice dei bestseller sui Florio racconter\u00e0 ai partecipanti dettagli inediti della storia di una delle famiglie pi\u00f9 influenti della Sicilia nella cornice pi\u00f9 suggestiva di sempre: l\u2019iconica Sala Basile di Villa Igiea, caratterizzata dagli affreschi del \u2018900 firmati da Ettore de Maria Bergler commissionati proprio da Donna Franca e Ignazio Florio.<br \/>foto ufficio stampa Rocco Forte Hotels<br \/>(ITALPRESS).<div id=\"div-gpt-ad-Messinaoggi.it-DSK-300x250-corpoart\" style=\"text-align:center;margin:0 auto;\"><\/div><\/p>\n<\/div>\n<div id=\"videoincontent\" style=\"clear:both\";><\/div>","protected":false},"excerpt":{"rendered":"<p>PALERMO (ITALPRESS) \u2013 Non solo temperature miti e giornate soleggiate che allungano l\u2019estate anche fino novembre inoltrato, Rocco Forte Hotels scommette sull\u2019autunno a Palermo come stagione ideale per short break all\u2019insegna dell\u2019arte e della cultura inaugurando una serie di iniziative dedicate nell\u2019indirizzo-gioiello di Villa Igiea. L\u2019iconico palazzo affacciato sul golfo del capoluogo siciliano, legato a [&hellip;]<\/p>\n","protected":false},"author":18,"featured_media":128415,"comment_status":"closed","ping_status":"closed","sticky":false,"template":"","format":"standard","meta":{"ub_ctt_via":"","_mi_skip_tracking":false},"categories":[2449],"tags":[783],"featured_image_src":"https:\/\/www.messinaoggi.it\/website\/wp-content\/uploads\/2022\/11\/20221104_1048.jpg","author_info":{"display_name":"Admin","author_link":"https:\/\/www.messinaoggi.it\/website\/author\/admin\/"},"digistream_id":0,"digistream":false,"_links":{"self":[{"href":"https:\/\/www.messinaoggi.it\/website\/wp-json\/wp\/v2\/posts\/128414"}],"collection":[{"href":"https:\/\/www.messinaoggi.it\/website\/wp-json\/wp\/v2\/posts"}],"about":[{"href":"https:\/\/www.messinaoggi.it\/website\/wp-json\/wp\/v2\/types\/post"}],"author":[{"embeddable":true,"href":"https:\/\/www.messinaoggi.it\/website\/wp-json\/wp\/v2\/users\/18"}],"replies":[{"embeddable":true,"href":"https:\/\/www.messinaoggi.it\/website\/wp-json\/wp\/v2\/comments?post=128414"}],"version-history":[{"count":0,"href":"https:\/\/www.messinaoggi.it\/website\/wp-json\/wp\/v2\/posts\/128414\/revisions"}],"wp:featuredmedia":[{"embeddable":true,"href":"https:\/\/www.messinaoggi.it\/website\/wp-json\/wp\/v2\/media\/128415"}],"wp:attachment":[{"href":"https:\/\/www.messinaoggi.it\/website\/wp-json\/wp\/v2\/media?parent=128414"}],"wp:term":[{"taxonomy":"category","embeddable":true,"href":"https:\/\/www.messinaoggi.it\/website\/wp-json\/wp\/v2\/categories?post=128414"},{"taxonomy":"post_tag","embeddable":true,"href":"https:\/\/www.messinaoggi.it\/website\/wp-json\/wp\/v2\/tags?post=128414"}],"curies":[{"name":"wp","href":"https:\/\/api.w.org\/{rel}","templated":true}]}}