{"id":128410,"date":"2022-11-04T14:17:53","date_gmt":"2022-11-04T13:17:53","guid":{"rendered":"https:\/\/www.messinaoggi.it\/website\/2022\/11\/04\/la-cardiochirurgia-pediatrica-torna-a-palermo-schifani-sara-eccellenza-per-tutto-il-mezzogiorno\/"},"modified":"2022-11-04T14:17:53","modified_gmt":"2022-11-04T13:17:53","slug":"la-cardiochirurgia-pediatrica-torna-a-palermo-schifani-sara-eccellenza-per-tutto-il-mezzogiorno","status":"publish","type":"post","link":"https:\/\/www.messinaoggi.it\/website\/2022\/11\/04\/la-cardiochirurgia-pediatrica-torna-a-palermo-schifani-sara-eccellenza-per-tutto-il-mezzogiorno\/","title":{"rendered":"La Cardiochirurgia pediatrica torna a Palermo, Schifani \u201cSar\u00e0 eccellenza per tutto il Mezzogiorno\u201d"},"content":{"rendered":"<div>\n<p>PALERMO (ITALPRESS) \u2013 La Cardiochirurgia pediatrica dopo dodici anni torna a Palermo, grazie a un\u2019alleanza tra due prestigiose strutture sanitarie del Nord e del Sud Italia. E\u2019 stato firmato stamane a Palazzo d\u2019Orleans, a Palermo, alla presenza del presidente della Regione Siciliana, Renato Schifani, e del vicepresidente del gruppo San Donato e presidente della GKSD Investment Holding, Kamel Ghribi, il contratto per l\u2019affidamento triennale, con eventuale rinnovo di 24 mesi, del servizio di assistenza medica, infermieristica e consulenza medica specialistica alla nuova Unit\u00e0 operativa complessa di Cardiochirurgia pediatrica dell\u2019Arnas Civico-Di Cristina-Benfratelli. Con una gara a evidenza pubblica, l\u2019Arnas ha aggiudicato il servizio al Policlinico San Donato di Milano, per un importo complessivo triennale di 8.085.000 di euro pi\u00f9 Iva, oltre a 320 mila euro di rimborso forfettario annuo. A firmare il contratto il direttore generale dell\u2019Arnas Civico, Roberto Colletti, e l\u2019amministratore delegato del Policlinico San Donato, Sara Mariani. Presenti, tra gli altri, anche il segretario generale della Presidenza della Regione, Maria Mattarella, e il responsabile del nuovo reparto, Alessandro Giamberti.<br \/>\u00abSi tratta di una partnership innovativa \u2013 ha detto il presidente Schifani \u2013 un matrimonio integrato tra pubblico e privato per attivare un circuito di sanit\u00e0 di eccellenza sul tema estremamente sensibile dell\u2019assistenza pediatrica. Questo accordo \u00e8 per noi importante perch\u00e8, dopo dodici anni senza un reparto di Cardiochirurgia pediatrica, sar\u00e0 possibile per i nostri piccoli pazienti non dover ricorrere alle cure degli ospedali del Nord. Puntiamo a diventare centro di riferimento per il Mezzogiorno\u00bb.<br \/>\u00abAbbiamo finalmente portato il nostro know-how anche al Sud, volevamo fortemente raggiungere questo obiettivo \u2013 ha affermato Kamel Ghribi \u2013 I nostri medici si sono battuti per venire qui e condividere le competenze. Insieme con voi vogliamo restituire sorrisi alla gente e ai bambini che sono il nostro futuro\u00bb.<br \/>Soddisfazione \u00e8 stata espressa dal direttore generale dell\u2019Arnas Civico, Colletti: \u00abQuesta operazione mi lascia pieno di speranza. Ho potuto riscontrare da parte del gruppo San Donato un interesse vero, creiamo oggi un reparto con professionisti di grande esperienza. Chi ha un bambino malato non ci pensa due volte a prendere un aereo, emigrare per le cure, fare tutti i sacrifici possibili per avere il meglio per il proprio figlio. Ebbene, in Sicilia non sar\u00e0 pi\u00f9 necessario perch\u00e8 con questa convenzione avremo a disposizione professionalit\u00e0 di eccellenza del pi\u00f9 grande gruppo imprenditoriale privato italiano nel campo della sanit\u00e0\u00bb.<br \/>A guidare la nuova Unit\u00e0 operativa complessa, che dovrebbe entrare in funzione entro la met\u00e0 del 2023, sar\u00e0 Alessandro Giamberti, gi\u00e0 allievo del professore Carlo Marcelletti. \u00abMetteremo in campo tutto l\u2019impegno possibile e tutta la nostra esperienza \u2013 ha sottolineato \u2013 cos\u00ec come gi\u00e0 avvenuto in America del Sud, in varie parti d\u2019Europa e in Africa. Riteniamo che saremo in grado di farlo anche qua a Palermo. Non sar\u00e0 facile, ma sono assolutamente convinto che ci riusciremo\u00bb.<br \/>Cos\u00ec come previsto dal bando, il San Donato avr\u00e0 il compito di fornire una propria equipe medico-infermieristica di altissima professionalit\u00e0, destinata a formare le figure mediche, tecniche e infermieristiche dell\u2019Arnas, che poi dovranno subentrare nel reparto con specifica procedura di selezione.<br \/>foto ufficio stampa Regione Siciliana <br \/>(ITALPRESS).<div id=\"div-gpt-ad-Messinaoggi.it-DSK-300x250-corpoart\" style=\"text-align:center;margin:0 auto;\"><\/div><\/p>\n<\/div>\n<div id=\"videoincontent\" style=\"clear:both\";><\/div>","protected":false},"excerpt":{"rendered":"<p>PALERMO (ITALPRESS) \u2013 La Cardiochirurgia pediatrica dopo dodici anni torna a Palermo, grazie a un\u2019alleanza tra due prestigiose strutture sanitarie del Nord e del Sud Italia. E\u2019 stato firmato stamane a Palazzo d\u2019Orleans, a Palermo, alla presenza del presidente della Regione Siciliana, Renato Schifani, e del vicepresidente del gruppo San Donato e presidente della GKSD [&hellip;]<\/p>\n","protected":false},"author":18,"featured_media":128411,"comment_status":"closed","ping_status":"closed","sticky":false,"template":"","format":"standard","meta":{"ub_ctt_via":"","_mi_skip_tracking":false},"categories":[2449],"tags":[783],"featured_image_src":"https:\/\/www.messinaoggi.it\/website\/wp-content\/uploads\/2022\/11\/20221104_0784.jpg","author_info":{"display_name":"Admin","author_link":"https:\/\/www.messinaoggi.it\/website\/author\/admin\/"},"digistream_id":0,"digistream":false,"_links":{"self":[{"href":"https:\/\/www.messinaoggi.it\/website\/wp-json\/wp\/v2\/posts\/128410"}],"collection":[{"href":"https:\/\/www.messinaoggi.it\/website\/wp-json\/wp\/v2\/posts"}],"about":[{"href":"https:\/\/www.messinaoggi.it\/website\/wp-json\/wp\/v2\/types\/post"}],"author":[{"embeddable":true,"href":"https:\/\/www.messinaoggi.it\/website\/wp-json\/wp\/v2\/users\/18"}],"replies":[{"embeddable":true,"href":"https:\/\/www.messinaoggi.it\/website\/wp-json\/wp\/v2\/comments?post=128410"}],"version-history":[{"count":0,"href":"https:\/\/www.messinaoggi.it\/website\/wp-json\/wp\/v2\/posts\/128410\/revisions"}],"wp:featuredmedia":[{"embeddable":true,"href":"https:\/\/www.messinaoggi.it\/website\/wp-json\/wp\/v2\/media\/128411"}],"wp:attachment":[{"href":"https:\/\/www.messinaoggi.it\/website\/wp-json\/wp\/v2\/media?parent=128410"}],"wp:term":[{"taxonomy":"category","embeddable":true,"href":"https:\/\/www.messinaoggi.it\/website\/wp-json\/wp\/v2\/categories?post=128410"},{"taxonomy":"post_tag","embeddable":true,"href":"https:\/\/www.messinaoggi.it\/website\/wp-json\/wp\/v2\/tags?post=128410"}],"curies":[{"name":"wp","href":"https:\/\/api.w.org\/{rel}","templated":true}]}}