{"id":128332,"date":"2022-11-04T09:20:04","date_gmt":"2022-11-04T08:20:04","guid":{"rendered":"http:\/\/www.messinaoggi.it\/website\/?p=128332"},"modified":"2022-11-04T09:20:08","modified_gmt":"2022-11-04T08:20:08","slug":"scuole-mili-s-pietro-le-associazioni-quali-iniziative-per-evitarne-la-chiusura","status":"publish","type":"post","link":"https:\/\/www.messinaoggi.it\/website\/2022\/11\/04\/scuole-mili-s-pietro-le-associazioni-quali-iniziative-per-evitarne-la-chiusura\/","title":{"rendered":"Scuole Mili S. Pietro, le associazioni: \u201cQuali iniziative per evitarne la chiusura?\u201d"},"content":{"rendered":"\n<p>Si torna a discutere nuovamente delle iniziative per scongiurare la definitiva chiusura delle scuole di Mili S. Pietro (una di queste, la primaria, risulta senza sede dal 2016, dopo che un incendio la danneggi\u00f2 gravemente). Il Comitato Vallata di Mili e l\u2019associazione CTG LAG, in particolare, rendono noto di aver scritto, dopo un\u2019apposita assemblea, alla giunta Basile per capire come intenda procedere per evitare questo scenario.<div id=\"div-gpt-ad-Messinaoggi.it-DSK-300x250-corpoart\" style=\"text-align:center;margin:0 auto;\"><\/div><\/p>\n\n\n\n<p>\u201cSi fanno ancora una volta presenti \u2013 si legge in una nota del Comitato Vallata di Mili e dell\u2019associazione CTG LAG &#8211; le preoccupazioni dei cittadini della vallata di Mili e in particolare del villaggio di Mili S. Pietro per la sorte della scuola primaria e della scuola dell\u2019infanzia del villaggio. In un\u2019assemblea pubblica organizzata dal Comitato Vallata di Mili \u2013 Messina Sud e dall\u2019associazione CTG LAG e tenutasi ieri, gioved\u00ec 3 novembre, \u00e8 emersa in particolare la preoccupazione per il fatto che lo spostamento al 2024 del finanziamento per la ristrutturazione della scuola, votato dal Consiglio comunale il 6 luglio scorso, porter\u00e0 inevitabilmente alla chiusura dei codici meccanografici sia della scuola primaria (senza sede da quando, nel 2016, un incendio ne ha danneggiato il plesso) sia della scuola dell\u2019infanzia.<div id=\"videoincontent\" style=\"clear:both\";><\/div><\/p>\n\n\n\n<p>\u201cIl Comitato Vallata di Mili e la CTG LAG hanno pertanto chiesto in una lettera indirizzata al sindaco, agli assessori Mondello e Finocchiaro ed ai dirigenti dei dipartimenti comunali competenti di rendere note quali iniziative si stiano mettendo in atto per scongiurare la paventata e ormai vicina chiusura delle scuole che lascerebbe il villaggio, che gi\u00e0 soffre per le note condizioni di marginalit\u00e0, senza un fondamentale presidio di cultura e legalit\u00e0\u201d.<\/p>\n","protected":false},"excerpt":{"rendered":"<p>Si torna a discutere nuovamente delle iniziative per scongiurare la definitiva chiusura delle scuole di Mili S. Pietro (una di queste, la primaria, risulta senza sede dal 2016, dopo che un incendio la danneggi\u00f2 gravemente). Il Comitato Vallata di Mili e l\u2019associazione CTG LAG, in particolare, rendono noto di aver scritto, dopo un\u2019apposita assemblea, alla [&hellip;]<\/p>\n","protected":false},"author":8,"featured_media":7199,"comment_status":"open","ping_status":"open","sticky":false,"template":"","format":"standard","meta":{"ub_ctt_via":"","_mi_skip_tracking":false},"categories":[5],"tags":[5246,5245,3080],"featured_image_src":"https:\/\/www.messinaoggi.it\/website\/wp-content\/uploads\/2017\/09\/Scuola-MIli-San-Pietro-incendio-messinaoggi-2.jpg","author_info":{"display_name":"red..me","author_link":"https:\/\/www.messinaoggi.it\/website\/author\/redstage\/"},"digistream_id":0,"digistream":false,"_links":{"self":[{"href":"https:\/\/www.messinaoggi.it\/website\/wp-json\/wp\/v2\/posts\/128332"}],"collection":[{"href":"https:\/\/www.messinaoggi.it\/website\/wp-json\/wp\/v2\/posts"}],"about":[{"href":"https:\/\/www.messinaoggi.it\/website\/wp-json\/wp\/v2\/types\/post"}],"author":[{"embeddable":true,"href":"https:\/\/www.messinaoggi.it\/website\/wp-json\/wp\/v2\/users\/8"}],"replies":[{"embeddable":true,"href":"https:\/\/www.messinaoggi.it\/website\/wp-json\/wp\/v2\/comments?post=128332"}],"version-history":[{"count":1,"href":"https:\/\/www.messinaoggi.it\/website\/wp-json\/wp\/v2\/posts\/128332\/revisions"}],"predecessor-version":[{"id":128333,"href":"https:\/\/www.messinaoggi.it\/website\/wp-json\/wp\/v2\/posts\/128332\/revisions\/128333"}],"wp:featuredmedia":[{"embeddable":true,"href":"https:\/\/www.messinaoggi.it\/website\/wp-json\/wp\/v2\/media\/7199"}],"wp:attachment":[{"href":"https:\/\/www.messinaoggi.it\/website\/wp-json\/wp\/v2\/media?parent=128332"}],"wp:term":[{"taxonomy":"category","embeddable":true,"href":"https:\/\/www.messinaoggi.it\/website\/wp-json\/wp\/v2\/categories?post=128332"},{"taxonomy":"post_tag","embeddable":true,"href":"https:\/\/www.messinaoggi.it\/website\/wp-json\/wp\/v2\/tags?post=128332"}],"curies":[{"name":"wp","href":"https:\/\/api.w.org\/{rel}","templated":true}]}}