{"id":128307,"date":"2022-11-04T00:07:56","date_gmt":"2022-11-03T23:07:56","guid":{"rendered":"https:\/\/www.messinaoggi.it\/website\/2022\/11\/03\/covid-schillaci-accelerare-su-cure-e-prevenzione-bloccate\/"},"modified":"2022-11-04T10:47:07","modified_gmt":"2022-11-04T09:47:07","slug":"covid-schillaci-accelerare-su-cure-e-prevenzione-bloccate","status":"publish","type":"post","link":"https:\/\/www.messinaoggi.it\/website\/2022\/11\/04\/covid-schillaci-accelerare-su-cure-e-prevenzione-bloccate\/","title":{"rendered":"Covid, Schillaci \u201cAccelerare su cure e prevenzione bloccate\u201d"},"content":{"rendered":"<div>ROMA (ITALPRESS) &#8211; &#8220;La pandemia ha messo in evidenza le debolezze croniche del Sistema sanitario nazionale, bisogna renderlo attrattivo, pagare di pi\u00f9 e meglio i medici, dare un&#8217;indennit\u00e0 di rischio a chi lavora in emergenza, ma soprattutto bisogna investire in nuove tecnologie, riformare la programmazione soprattutto laddove alcune ricerche ricevono il minor consenso&#8221;. Cos\u00ec il ministro della Sanit\u00e0, Orazio Schillaci, ospite a Tg2 Post. &#8220;Il &#8216;vantaggi\u00f2 di questa tragedia \u00e8 l&#8217;aver messo proprio la sanit\u00e0 pubblica all&#8217;attenzione di tutti. Credo che sia il momento fondamentale per ridurre gli affollamenti al pronto soccorso, i fondi del Pnrr serviranno a rinnovare la medicina sul territorio, al pronto soccorso dovranno andare solo i pazienti che ne avranno bisogno e soprattutto valorizzeremo i medici di medicina generale&#8221;, continua Schillaci. &#8220;Credo che uno dei problemi della nostra sanit\u00e0 oggi sia che l&#8217;eccellenza \u00e8 molto presente sul nostro territorio ma a macchia di leopardo. Oggi l&#8217;aspettativa di vita \u00e8 diversa da regione a regione, \u00e8 inaccettabile e mi impegner\u00f2 con tutti gli strumenti possibili per riformare questo, c&#8217;\u00e8 bisogno di una modernizzazione della sanit\u00e0. Io dico di guardare oltre la pandemia, il prezzo che abbiamo pagato oltre che per le vittime sono anche i ritardi di tutte le diagnosi. Nei prossimi anni avremo un incremento delle malattie oncologiche perch\u00e8 gli screening sono venuti meno. Su questo dobbiamo concentrarci perch\u00e8 il Covid ha dato una grande lezione per il sistema sanitario. La mia prima azione sar\u00e0 garantire cure e prevenzioni adeguate per le tante prestazioni che non sono state effettuate&#8221;, conclude.<br \/>(ITALPRESS).<br \/>-foto agenziafotogramma.it-<\/div>\n<div id=\"div-gpt-ad-Messinaoggi.it-DSK-300x250-corpoart\" style=\"text-align:center;margin:0 auto;\"><\/div><\/p><div id=\"videoincontent\" style=\"clear:both\";><\/div>","protected":false},"excerpt":{"rendered":"<p>ROMA (ITALPRESS) &#8211; &#8220;La pandemia ha messo in evidenza le debolezze croniche del Sistema sanitario nazionale, bisogna renderlo attrattivo, pagare di pi\u00f9 e meglio i medici, dare un&#8217;indennit\u00e0 di rischio a chi lavora in emergenza, ma soprattutto bisogna investire in nuove tecnologie, riformare la programmazione soprattutto laddove alcune ricerche ricevono il minor consenso&#8221;. Cos\u00ec il [&hellip;]<\/p>\n","protected":false},"author":18,"featured_media":128308,"comment_status":"closed","ping_status":"closed","sticky":false,"template":"","format":"standard","meta":{"ub_ctt_via":"","_mi_skip_tracking":false},"categories":[221,446],"tags":[783],"featured_image_src":"https:\/\/www.messinaoggi.it\/website\/wp-content\/uploads\/2022\/11\/20221103_2424.jpg","author_info":{"display_name":"Admin","author_link":"https:\/\/www.messinaoggi.it\/website\/author\/admin\/"},"digistream_id":0,"digistream":false,"_links":{"self":[{"href":"https:\/\/www.messinaoggi.it\/website\/wp-json\/wp\/v2\/posts\/128307"}],"collection":[{"href":"https:\/\/www.messinaoggi.it\/website\/wp-json\/wp\/v2\/posts"}],"about":[{"href":"https:\/\/www.messinaoggi.it\/website\/wp-json\/wp\/v2\/types\/post"}],"author":[{"embeddable":true,"href":"https:\/\/www.messinaoggi.it\/website\/wp-json\/wp\/v2\/users\/18"}],"replies":[{"embeddable":true,"href":"https:\/\/www.messinaoggi.it\/website\/wp-json\/wp\/v2\/comments?post=128307"}],"version-history":[{"count":1,"href":"https:\/\/www.messinaoggi.it\/website\/wp-json\/wp\/v2\/posts\/128307\/revisions"}],"predecessor-version":[{"id":128353,"href":"https:\/\/www.messinaoggi.it\/website\/wp-json\/wp\/v2\/posts\/128307\/revisions\/128353"}],"wp:featuredmedia":[{"embeddable":true,"href":"https:\/\/www.messinaoggi.it\/website\/wp-json\/wp\/v2\/media\/128308"}],"wp:attachment":[{"href":"https:\/\/www.messinaoggi.it\/website\/wp-json\/wp\/v2\/media?parent=128307"}],"wp:term":[{"taxonomy":"category","embeddable":true,"href":"https:\/\/www.messinaoggi.it\/website\/wp-json\/wp\/v2\/categories?post=128307"},{"taxonomy":"post_tag","embeddable":true,"href":"https:\/\/www.messinaoggi.it\/website\/wp-json\/wp\/v2\/tags?post=128307"}],"curies":[{"name":"wp","href":"https:\/\/api.w.org\/{rel}","templated":true}]}}