{"id":128305,"date":"2022-11-03T22:07:53","date_gmt":"2022-11-03T21:07:53","guid":{"rendered":"https:\/\/www.messinaoggi.it\/website\/2022\/11\/03\/governo-conte-troppo-impegnati-su-misure-identitarie\/"},"modified":"2022-11-03T22:07:53","modified_gmt":"2022-11-03T21:07:53","slug":"governo-conte-troppo-impegnati-su-misure-identitarie","status":"publish","type":"post","link":"https:\/\/www.messinaoggi.it\/website\/2022\/11\/03\/governo-conte-troppo-impegnati-su-misure-identitarie\/","title":{"rendered":"Governo, Conte \u201cTroppo impegnati su misure identitarie\u201d"},"content":{"rendered":"<div>ROMA (ITALPRESS) &#8211; &#8220;Cosa voglio dire a Salvini? La maggioranza dei votanti vi ha dato fiducia per risolvere il problema del caro bollette e dei prezzi. Concentratevi su questo, non pensate alle misure identitarie come la norma anti-rave, perch\u00e8 fino ad ora non ho visto alcuno spiraglio&#8221; Cos\u00ec Giuseppe Conte, presidente del Movimento 5 Stelle, ospite a Dritto e Rovescio su Rete4.<br \/>&#8220;Sono stato sempre convinto della forza politica, della chiarezza politica, sostenibilit\u00e0 e della dignit\u00e0 delle nostre posizioni politiche. Ho sempre pensato che i cittadini alla lunga avrebbero compreso la nostra posizione e credo che insomma lo stiano dimostrando&#8221;, ha aggiunto. Quanto alla norma anti-rave, secndo il leader pentastellato &#8220;nessuno vuole certificare comportamenti illegali, ma qua stiamo parlando di ragazzi che potrebbero essere reclusi per 6 anni secondo una valutazione discrezionale per aver partecipato a una festa. La norma va ritirata perch\u00e8 \u00e8 stata scritta male, \u00e8 una misura repressiva fuori luogo, non travolgiamo il diritto penale che \u00e8 una cosa seria con questa cultura repressiva&#8221;.<br \/>(ITALPRESS).<br \/>-foto agenziafotogramma.it.-<\/div>\n<div id=\"div-gpt-ad-Messinaoggi.it-DSK-300x250-corpoart\" style=\"text-align:center;margin:0 auto;\"><\/div><\/p><div id=\"videoincontent\" style=\"clear:both\";><\/div>","protected":false},"excerpt":{"rendered":"<p>ROMA (ITALPRESS) &#8211; &#8220;Cosa voglio dire a Salvini? La maggioranza dei votanti vi ha dato fiducia per risolvere il problema del caro bollette e dei prezzi. Concentratevi su questo, non pensate alle misure identitarie come la norma anti-rave, perch\u00e8 fino ad ora non ho visto alcuno spiraglio&#8221; Cos\u00ec Giuseppe Conte, presidente del Movimento 5 Stelle, [&hellip;]<\/p>\n","protected":false},"author":18,"featured_media":128306,"comment_status":"closed","ping_status":"closed","sticky":false,"template":"","format":"standard","meta":{"ub_ctt_via":"","_mi_skip_tracking":false},"categories":[446],"tags":[783],"featured_image_src":"https:\/\/www.messinaoggi.it\/website\/wp-content\/uploads\/2022\/11\/20221103_2415.jpg","author_info":{"display_name":"Admin","author_link":"https:\/\/www.messinaoggi.it\/website\/author\/admin\/"},"digistream_id":0,"digistream":false,"_links":{"self":[{"href":"https:\/\/www.messinaoggi.it\/website\/wp-json\/wp\/v2\/posts\/128305"}],"collection":[{"href":"https:\/\/www.messinaoggi.it\/website\/wp-json\/wp\/v2\/posts"}],"about":[{"href":"https:\/\/www.messinaoggi.it\/website\/wp-json\/wp\/v2\/types\/post"}],"author":[{"embeddable":true,"href":"https:\/\/www.messinaoggi.it\/website\/wp-json\/wp\/v2\/users\/18"}],"replies":[{"embeddable":true,"href":"https:\/\/www.messinaoggi.it\/website\/wp-json\/wp\/v2\/comments?post=128305"}],"version-history":[{"count":0,"href":"https:\/\/www.messinaoggi.it\/website\/wp-json\/wp\/v2\/posts\/128305\/revisions"}],"wp:featuredmedia":[{"embeddable":true,"href":"https:\/\/www.messinaoggi.it\/website\/wp-json\/wp\/v2\/media\/128306"}],"wp:attachment":[{"href":"https:\/\/www.messinaoggi.it\/website\/wp-json\/wp\/v2\/media?parent=128305"}],"wp:term":[{"taxonomy":"category","embeddable":true,"href":"https:\/\/www.messinaoggi.it\/website\/wp-json\/wp\/v2\/categories?post=128305"},{"taxonomy":"post_tag","embeddable":true,"href":"https:\/\/www.messinaoggi.it\/website\/wp-json\/wp\/v2\/tags?post=128305"}],"curies":[{"name":"wp","href":"https:\/\/api.w.org\/{rel}","templated":true}]}}