{"id":128238,"date":"2022-11-03T14:32:51","date_gmt":"2022-11-03T13:32:51","guid":{"rendered":"https:\/\/www.messinaoggi.it\/website\/2022\/11\/03\/esercitazione-sisma-dello-stretto-schifani-importante-prepararsi-a-situazioni-estreme\/"},"modified":"2022-11-03T14:32:51","modified_gmt":"2022-11-03T13:32:51","slug":"esercitazione-sisma-dello-stretto-schifani-importante-prepararsi-a-situazioni-estreme","status":"publish","type":"post","link":"https:\/\/www.messinaoggi.it\/website\/2022\/11\/03\/esercitazione-sisma-dello-stretto-schifani-importante-prepararsi-a-situazioni-estreme\/","title":{"rendered":"Esercitazione \u201cSisma dello Stretto\u201d, Schifani \u201cImportante prepararsi a situazioni estreme\u201d"},"content":{"rendered":"<div>\n<p>PALERMO (ITALPRESS) \u2013 \u00abPrepararsi a queste situazioni estreme \u00e8 un momento importante di formazione, di cui ringrazio la Protezione civile, che ha sempre dato prova di professionalit\u00e0 e spirito di abnegazione, i Vigili del fuoco, i volontari, il Corpo forestale della Regione Siciliana e tutte le forze dell\u2019ordine coinvolte\u00bb. Lo ha detto il presidente della Regione Siciliana, Renato Schifani, intervenendo in videocollegamento, assieme al capo della Protezione civile regionale, Salvo Cocina, alla conferenza stampa di presentazione dell\u2019esercitazione \u201cSisma dello Stretto 2022\u201d che prender\u00e0 il via domani e proseguir\u00e0 fino a domenica, nelle province di Reggio Calabria e Messina. Alla conferenza hanno preso parte anche il capo dipartimento della Protezione civile nazionale Fabrizio Curcio, il capo dipartimento dei Vigili del fuoco Laura Lega e il presidente della Regione Calabria Roberto Occhiuto.<br \/>\u00abIl nostro  \u2013 ha aggiunto Schifani, ricordando i due piloti del canadair precipitati durante il servizio di spegnimento incendi nel Catanese \u2013 \u00e8 un Paese estremamente solidale, che sa stringersi attorno al dolore delle vittime di calamit\u00e0 o dei caduti nelle missioni di pace. Siamo dotati di grande compostezza e allo stesso tempo di volont\u00e0 di reagire nei momenti in cui siamo colpiti nel vivo dei nostri affetti e della nostra sensibilit\u00e0\u00bb. Il governatore siciliano ha ribadito anche l\u2019impegno a portare avanti il progetto del Ponte sullo Stretto, \u00abopera strategica per il Mezzogiorno e per la nostra economia\u00bb.<br \/>Il capo della Protezione civile regionale, Cocina, ha poi fornito i particolari dell\u2019operazione che riguarda la parte regionale. \u00abLa prevenzione \u2013 ha sottolineato \u2013 \u00e8 una cosa seria, si fa in tempo di pace perch\u00e8 si possa essere pronti in tempo di guerra. Stiamo mobilitando l\u2019intero sistema di Protezione civile regionale, coinvolgendo una macchina di 2.200 volontari e 400 funzionari regionali e comunali, organizzati in 12 colonne mobili che si sposteranno da diversi siti della Sicilia con 450 mezzi e che confluiranno in 8 centri del Messinese, dove allestiranno altrettanti campi per l\u2019assistenza alla popolazione\u00bb.<br \/>Nel dettaglio, gli 8 accampamenti totalmente autosufficienti (in quanto dotati di cucine, mense, servizi igienici) saranno dislocati a Messina, Roccalumera, Letojanni, Ali Terme, Rometta, Villafranca, Milazzo e Falcone, mentre saranno coinvolte le popolazioni di 19 Comuni del Messinese.<br \/>L\u2019obiettivo \u00e8 testare l\u2019attuazione del modello d\u2019intervento nazionale per il soccorso sul rischio sismico, attraverso l\u2019attivazione dei centri di coordinamento, la realizzazione di working area per attivit\u00e0 di soccorso tecnico urgente e sanitario, l\u2019allestimento di aree di accoglienza per la popolazione, l\u2019impiego delle colonne mobili e le attivit\u00e0 di valutazione e di agibilit\u00e0 post evento sismico.<br \/>Lo scenario operativo vedr\u00e0 la simulazione di un terremoto di magnitudo 6 con un significativo livello di impatto su abitazioni e popolazione, capace, inoltre, di innescare effetti ambientali come frane, liquefazioni e fenomeni di maremoto. Lo scenario simulato del maremoto sar\u00e0, inoltre, l\u2019occasione per un ulteriore test di IT-Alert, il sistema nazionale di allarme pubblico per l\u2019informazione della popolazione, in fase di sperimentazione, che diramer\u00e0 un messaggio ai cellulari presenti nell\u2019area dei Comuni costieri delle province di Reggio Calabria e Messina, coinvolgendo potenzialmente circa 500 mila abitanti.<br \/>foto ufficio stampa Regione Siciliana<br \/>(ITALPRESS).<div id=\"div-gpt-ad-Messinaoggi.it-DSK-300x250-corpoart\" style=\"text-align:center;margin:0 auto;\"><\/div><\/p>\n<\/div>\n<div id=\"videoincontent\" style=\"clear:both\";><\/div>","protected":false},"excerpt":{"rendered":"<p>PALERMO (ITALPRESS) \u2013 \u00abPrepararsi a queste situazioni estreme \u00e8 un momento importante di formazione, di cui ringrazio la Protezione civile, che ha sempre dato prova di professionalit\u00e0 e spirito di abnegazione, i Vigili del fuoco, i volontari, il Corpo forestale della Regione Siciliana e tutte le forze dell\u2019ordine coinvolte\u00bb. Lo ha detto il presidente della [&hellip;]<\/p>\n","protected":false},"author":18,"featured_media":128239,"comment_status":"closed","ping_status":"closed","sticky":false,"template":"","format":"standard","meta":{"ub_ctt_via":"","_mi_skip_tracking":false},"categories":[2449],"tags":[783],"featured_image_src":"https:\/\/www.messinaoggi.it\/website\/wp-content\/uploads\/2022\/11\/20221103_0870.jpg","author_info":{"display_name":"Admin","author_link":"https:\/\/www.messinaoggi.it\/website\/author\/admin\/"},"digistream_id":0,"digistream":false,"_links":{"self":[{"href":"https:\/\/www.messinaoggi.it\/website\/wp-json\/wp\/v2\/posts\/128238"}],"collection":[{"href":"https:\/\/www.messinaoggi.it\/website\/wp-json\/wp\/v2\/posts"}],"about":[{"href":"https:\/\/www.messinaoggi.it\/website\/wp-json\/wp\/v2\/types\/post"}],"author":[{"embeddable":true,"href":"https:\/\/www.messinaoggi.it\/website\/wp-json\/wp\/v2\/users\/18"}],"replies":[{"embeddable":true,"href":"https:\/\/www.messinaoggi.it\/website\/wp-json\/wp\/v2\/comments?post=128238"}],"version-history":[{"count":0,"href":"https:\/\/www.messinaoggi.it\/website\/wp-json\/wp\/v2\/posts\/128238\/revisions"}],"wp:featuredmedia":[{"embeddable":true,"href":"https:\/\/www.messinaoggi.it\/website\/wp-json\/wp\/v2\/media\/128239"}],"wp:attachment":[{"href":"https:\/\/www.messinaoggi.it\/website\/wp-json\/wp\/v2\/media?parent=128238"}],"wp:term":[{"taxonomy":"category","embeddable":true,"href":"https:\/\/www.messinaoggi.it\/website\/wp-json\/wp\/v2\/categories?post=128238"},{"taxonomy":"post_tag","embeddable":true,"href":"https:\/\/www.messinaoggi.it\/website\/wp-json\/wp\/v2\/tags?post=128238"}],"curies":[{"name":"wp","href":"https:\/\/api.w.org\/{rel}","templated":true}]}}