{"id":128219,"date":"2022-11-03T12:17:50","date_gmt":"2022-11-03T11:17:50","guid":{"rendered":"https:\/\/www.messinaoggi.it\/website\/2022\/11\/03\/al-via-a-palermo-la-quinta-edizione-del-salone-nautico-seacily\/"},"modified":"2022-11-03T12:17:50","modified_gmt":"2022-11-03T11:17:50","slug":"al-via-a-palermo-la-quinta-edizione-del-salone-nautico-seacily","status":"publish","type":"post","link":"https:\/\/www.messinaoggi.it\/website\/2022\/11\/03\/al-via-a-palermo-la-quinta-edizione-del-salone-nautico-seacily\/","title":{"rendered":"Al via a Palermo la quinta edizione del salone nautico Seacily"},"content":{"rendered":"<div>\n<p>PALERMO (ITALPRESS) \u2013 Il grande Salone Nautico siciliano, torna a Palermo nella cornice di Marina Villa Igiea con la quinta edizione del Seacily in programma dal 3 al 6 novembre. La manifestazione che coinvolge le eccellenze della nautica, tutti gli appassionati di mare e non solo ha l\u2019obiettivo di coltivare e rinnovare l\u2019interesse comune per il settore della nautica nel suo complesso, con il proposito di incentivare la salvaguardia e il rispetto della risorsa mare. \u201cOgni iniziativa che coniuga un\u2019immagine positiva della citt\u00e0, ne aumenta l\u2019attrattivit\u00e0 e si connette ad una vocazione produttiva ed occupazionale come quella della nautica, non pu\u00f2 che essere accolta con grande soddisfazione \u2013 ha affermato il sindaco di Palermo, Roberto Lagalla -. Si tratta di una conferma in un ambito produttivo e commerciale di straordinario interesse: tanto per le refluenze turistiche, quanto per i cittadini amanti del mare. Ecco perch\u00e8 sono molto contento di questa presentazione che quest\u2019anno si Lega anche alla straordinaria capacit\u00e0 di ricezione turistica che Palermo ha avuto, essendo una delle mete turistiche pi\u00f9 richieste in questo momento\u201d. <br \/>Un format ormai collaudato all\u2019interno del quale all\u2019esposizione delle barche ed alle prove a mare si unisce la realizzazione di numerose attivit\u00e0 tese alla valorizzazione della blue economy. Quattro giornate in compagnia dei maggiori esponenti del settore nautico e non solo, ricche di incontri business, conferenze e workshop aperti agli addetti del settore. \u201cEssere alla quinta edizione testimonia che questo strumento funziona, \u00e8 apprezzato dagli operatori e dagli utenti \u2013 ha sottolineato il Commissario Straordinario della CCIAA PA-EN, Alessandro Albanese -. Quello della nautica \u00e8 un settore attivo e trainante, avrebbe bisogno di leggi pi\u00f9 performanti che servirebbero non solo alla nautica ma anche per il retroporto, pensiamo a tutta l\u2019area del food. Poi, tra l\u2019altro il turismo nautico \u00e8 il turismo pi\u00f9 ricco e quindi porta ricchezza alla regione. Questa \u00e8 una manifestazione che non guarda pi\u00f9 alla Sicilia ma a tutto il mediterraneo\u201d, ha concluso Albanese.<div id=\"div-gpt-ad-Messinaoggi.it-DSK-300x250-corpoart\" style=\"text-align:center;margin:0 auto;\"><\/div><\/p>\n<p>\u2013 foto: xd6\/Italpress <br \/>(ITALPRESS).<div id=\"videoincontent\" style=\"clear:both\";><\/div><\/p>\n<\/div>\n","protected":false},"excerpt":{"rendered":"<p>PALERMO (ITALPRESS) \u2013 Il grande Salone Nautico siciliano, torna a Palermo nella cornice di Marina Villa Igiea con la quinta edizione del Seacily in programma dal 3 al 6 novembre. La manifestazione che coinvolge le eccellenze della nautica, tutti gli appassionati di mare e non solo ha l\u2019obiettivo di coltivare e rinnovare l\u2019interesse comune per [&hellip;]<\/p>\n","protected":false},"author":18,"featured_media":128220,"comment_status":"closed","ping_status":"closed","sticky":false,"template":"","format":"standard","meta":{"ub_ctt_via":"","_mi_skip_tracking":false},"categories":[2449],"tags":[783],"featured_image_src":"https:\/\/www.messinaoggi.it\/website\/wp-content\/uploads\/2022\/11\/20221103_0491.jpg","author_info":{"display_name":"Admin","author_link":"https:\/\/www.messinaoggi.it\/website\/author\/admin\/"},"digistream_id":0,"digistream":false,"_links":{"self":[{"href":"https:\/\/www.messinaoggi.it\/website\/wp-json\/wp\/v2\/posts\/128219"}],"collection":[{"href":"https:\/\/www.messinaoggi.it\/website\/wp-json\/wp\/v2\/posts"}],"about":[{"href":"https:\/\/www.messinaoggi.it\/website\/wp-json\/wp\/v2\/types\/post"}],"author":[{"embeddable":true,"href":"https:\/\/www.messinaoggi.it\/website\/wp-json\/wp\/v2\/users\/18"}],"replies":[{"embeddable":true,"href":"https:\/\/www.messinaoggi.it\/website\/wp-json\/wp\/v2\/comments?post=128219"}],"version-history":[{"count":0,"href":"https:\/\/www.messinaoggi.it\/website\/wp-json\/wp\/v2\/posts\/128219\/revisions"}],"wp:featuredmedia":[{"embeddable":true,"href":"https:\/\/www.messinaoggi.it\/website\/wp-json\/wp\/v2\/media\/128220"}],"wp:attachment":[{"href":"https:\/\/www.messinaoggi.it\/website\/wp-json\/wp\/v2\/media?parent=128219"}],"wp:term":[{"taxonomy":"category","embeddable":true,"href":"https:\/\/www.messinaoggi.it\/website\/wp-json\/wp\/v2\/categories?post=128219"},{"taxonomy":"post_tag","embeddable":true,"href":"https:\/\/www.messinaoggi.it\/website\/wp-json\/wp\/v2\/tags?post=128219"}],"curies":[{"name":"wp","href":"https:\/\/api.w.org\/{rel}","templated":true}]}}