{"id":128217,"date":"2022-11-03T11:47:50","date_gmt":"2022-11-03T10:47:50","guid":{"rendered":"https:\/\/www.messinaoggi.it\/website\/2022\/11\/03\/terna-tre-nuove-linee-in-cavo-per-il-centro-ri-med-a-carini\/"},"modified":"2022-11-03T11:47:50","modified_gmt":"2022-11-03T10:47:50","slug":"terna-tre-nuove-linee-in-cavo-per-il-centro-ri-med-a-carini","status":"publish","type":"post","link":"https:\/\/www.messinaoggi.it\/website\/2022\/11\/03\/terna-tre-nuove-linee-in-cavo-per-il-centro-ri-med-a-carini\/","title":{"rendered":"Terna, tre nuove linee in cavo per il centro Ri.MED a Carini"},"content":{"rendered":"<div>\n<p>ROMA (ITALPRESS) \u2013  Terna ha avviato i lavori per la realizzazione di tre linee in cavo interrato a 150 kV legate alla Cabina Primaria \u201cCarini\u201d, in provincia di Palermo. Le nuove connessioni progettate dalla societ\u00e0 che gestisce la rete elettrica nazionale permetteranno di liberare l\u2019area destinata alla costruzione del Centro per le Biotecnologie e la Ricerca Biomedica (CBRB) della Fondazione Ri.MED che sorger\u00e0 nel Comune di Carini.<br \/>Una volta entrati in esercizio i collegamenti completamente interrati, Terna provveder\u00e0 alla dismissione di tre linee aeree per un totale di circa 2 km e 9 sostegni, liberando cos\u00ec ampie porzioni di territorio in una zona ad alta densit\u00e0 abitativa. <br \/>Complessivamente, le attivit\u00e0 di Terna termineranno nel corso del 2023. <br \/>Nell\u2019ottobre del 2021 la Regione Siciliana ha autorizzato la realizzazione di altri due collegamenti in cavo interrato, sempre nell\u2019area di Carini, che contribuiranno a soddisfare l\u2019esigenza di fornitura di energia elettrica nell\u2019area interessata dagli interventi, migliorando la qualit\u00e0 del servizio e adeguando la rete locale al crescente fabbisogno elettrico. <br \/>\u201cPer rilevanza strategica e importo stanziato, la realizzazione del CBRB \u00e8 di fondamentale importanza per la Sicilia e per tutto il bacino mediterraneo, rappresentando una fantastica opportunit\u00e0 per il territorio, anche dal punto di vista infrastrutturale\u201d, afferma Paolo Aquilanti, Presidente della Fondazione Ri.MED. \u201cLa rimozione di linee aeree esistenti e la realizzazione di nuove opere in cavo costituisce un importante intervento di riduzione degli impatti ambientali, in primo luogo in termini di impatto visivo e paesaggistico. Questo, cos\u00ec come i necessari progetti di infrastrutturazione viaria per potenziare i collegamenti dell\u2019area, rappresenta un intervento migliorativo direttamente legato alla presenza del nostro Centro, che va a beneficio di tutto il territorio\u201d.<br \/>Carini vede sorgere, giorno dopo giorno, gli edifici del campus di ricerca della Fondazione Ri.MED, a cui si affiancher\u00e0 il nuovo ospedale ISMETT: un polo di eccellenza per la ricerca e la cura che permetter\u00e0 la creazione di centinaia di posti di lavoro per risorse qualificate e generer\u00e0 un considerevole indotto economico.<div id=\"div-gpt-ad-Messinaoggi.it-DSK-300x250-corpoart\" style=\"text-align:center;margin:0 auto;\"><\/div><\/p>\n<p>\u2013 foto: ufficiostampa Ri-MED<div id=\"videoincontent\" style=\"clear:both\";><\/div><\/p>\n<p>(ITALPRESS).<\/p>\n<\/div>\n","protected":false},"excerpt":{"rendered":"<p>ROMA (ITALPRESS) \u2013 Terna ha avviato i lavori per la realizzazione di tre linee in cavo interrato a 150 kV legate alla Cabina Primaria \u201cCarini\u201d, in provincia di Palermo. Le nuove connessioni progettate dalla societ\u00e0 che gestisce la rete elettrica nazionale permetteranno di liberare l\u2019area destinata alla costruzione del Centro per le Biotecnologie e la [&hellip;]<\/p>\n","protected":false},"author":18,"featured_media":128218,"comment_status":"closed","ping_status":"closed","sticky":false,"template":"","format":"standard","meta":{"ub_ctt_via":"","_mi_skip_tracking":false},"categories":[2449],"tags":[783],"featured_image_src":"https:\/\/www.messinaoggi.it\/website\/wp-content\/uploads\/2022\/11\/20221103_0404.jpg","author_info":{"display_name":"Admin","author_link":"https:\/\/www.messinaoggi.it\/website\/author\/admin\/"},"digistream_id":0,"digistream":false,"_links":{"self":[{"href":"https:\/\/www.messinaoggi.it\/website\/wp-json\/wp\/v2\/posts\/128217"}],"collection":[{"href":"https:\/\/www.messinaoggi.it\/website\/wp-json\/wp\/v2\/posts"}],"about":[{"href":"https:\/\/www.messinaoggi.it\/website\/wp-json\/wp\/v2\/types\/post"}],"author":[{"embeddable":true,"href":"https:\/\/www.messinaoggi.it\/website\/wp-json\/wp\/v2\/users\/18"}],"replies":[{"embeddable":true,"href":"https:\/\/www.messinaoggi.it\/website\/wp-json\/wp\/v2\/comments?post=128217"}],"version-history":[{"count":0,"href":"https:\/\/www.messinaoggi.it\/website\/wp-json\/wp\/v2\/posts\/128217\/revisions"}],"wp:featuredmedia":[{"embeddable":true,"href":"https:\/\/www.messinaoggi.it\/website\/wp-json\/wp\/v2\/media\/128218"}],"wp:attachment":[{"href":"https:\/\/www.messinaoggi.it\/website\/wp-json\/wp\/v2\/media?parent=128217"}],"wp:term":[{"taxonomy":"category","embeddable":true,"href":"https:\/\/www.messinaoggi.it\/website\/wp-json\/wp\/v2\/categories?post=128217"},{"taxonomy":"post_tag","embeddable":true,"href":"https:\/\/www.messinaoggi.it\/website\/wp-json\/wp\/v2\/tags?post=128217"}],"curies":[{"name":"wp","href":"https:\/\/api.w.org\/{rel}","templated":true}]}}