{"id":128187,"date":"2022-11-03T10:07:53","date_gmt":"2022-11-03T09:07:53","guid":{"rendered":"https:\/\/www.messinaoggi.it\/website\/2022\/11\/03\/schillaci-aumenteremo-lo-stipendio-dei-medici-di-pronto-soccorso\/"},"modified":"2022-11-03T10:19:39","modified_gmt":"2022-11-03T09:19:39","slug":"schillaci-aumenteremo-lo-stipendio-dei-medici-di-pronto-soccorso","status":"publish","type":"post","link":"https:\/\/www.messinaoggi.it\/website\/2022\/11\/03\/schillaci-aumenteremo-lo-stipendio-dei-medici-di-pronto-soccorso\/","title":{"rendered":"Schillaci \u201cAumenteremo lo stipendio dei medici di Pronto Soccorso\u201d"},"content":{"rendered":"<div>ROMA (ITALPRESS) &#8211; La scelta di reintegrare i medici no vax &#8220;\u00e8 stata presa anche un p\u00f2 in segno di riappacificazione. Dopodich\u00e8 la mia posizione \u00e8 sempre stata a favore dei vaccini, lo strumento indispensabile per cambiare la storia della pandemia da Covid&#8221;. Lo afferma il ministro della Salute Orazio Schillaci in un&#8217;intervista al Corriere della Sera.<br \/>Sulle carenze d&#8217;organico in medicina d&#8217;urgenza, Schillaci spiega: &#8220;Credo che sar\u00e0 utile avere un tavolo con il ministero dell&#8217;Universit\u00e0. Purtroppo, alcune specialit\u00e0, e sono quelle di cui c&#8217;\u00e8 pi\u00f9 bisogno, hanno meno appeal di altre per i giovani medici anche perch\u00e8 danno meno possibilit\u00e0 di lavorare nel privato. Il problema \u00e8 legato anche agli stipendi: io credo sia giusto, per esempio, per il Pronto soccorso andare a identificare indennit\u00e0 per incentivare i giovani a scegliere Medicina d&#8217;urgenza. Aumentargli lo stipendio \u00e8 l&#8217;impegno che mi assumo&#8221;.<br \/>&#8220;Credo che bisogna ribadire l&#8217;importanza del sistema pubblico. Serve una migliore organizzazione, i medici se ne vanno anche per questo, ed ogni azione deve essere sempre nell&#8217;interesse del paziente. E&#8217; un impegno che sicuramente perseguir\u00f2&#8221;, aggiunge.<div id=\"div-gpt-ad-Messinaoggi.it-DSK-300x250-corpoart\" style=\"text-align:center;margin:0 auto;\"><\/div><\/p>\n<p>&#8211; foto Agenziafotogramma.it &#8211;<div id=\"videoincontent\" style=\"clear:both\";><\/div><\/p>\n<p>(ITALPRESS).<\/p><\/div>\n","protected":false},"excerpt":{"rendered":"<p>ROMA (ITALPRESS) &#8211; La scelta di reintegrare i medici no vax &#8220;\u00e8 stata presa anche un p\u00f2 in segno di riappacificazione. Dopodich\u00e8 la mia posizione \u00e8 sempre stata a favore dei vaccini, lo strumento indispensabile per cambiare la storia della pandemia da Covid&#8221;. Lo afferma il ministro della Salute Orazio Schillaci in un&#8217;intervista al Corriere [&hellip;]<\/p>\n","protected":false},"author":18,"featured_media":128188,"comment_status":"closed","ping_status":"closed","sticky":false,"template":"","format":"standard","meta":{"ub_ctt_via":"","_mi_skip_tracking":false},"categories":[221,446],"tags":[783],"featured_image_src":"https:\/\/www.messinaoggi.it\/website\/wp-content\/uploads\/2022\/11\/20221103_0203.jpg","author_info":{"display_name":"Admin","author_link":"https:\/\/www.messinaoggi.it\/website\/author\/admin\/"},"digistream_id":0,"digistream":false,"_links":{"self":[{"href":"https:\/\/www.messinaoggi.it\/website\/wp-json\/wp\/v2\/posts\/128187"}],"collection":[{"href":"https:\/\/www.messinaoggi.it\/website\/wp-json\/wp\/v2\/posts"}],"about":[{"href":"https:\/\/www.messinaoggi.it\/website\/wp-json\/wp\/v2\/types\/post"}],"author":[{"embeddable":true,"href":"https:\/\/www.messinaoggi.it\/website\/wp-json\/wp\/v2\/users\/18"}],"replies":[{"embeddable":true,"href":"https:\/\/www.messinaoggi.it\/website\/wp-json\/wp\/v2\/comments?post=128187"}],"version-history":[{"count":1,"href":"https:\/\/www.messinaoggi.it\/website\/wp-json\/wp\/v2\/posts\/128187\/revisions"}],"predecessor-version":[{"id":128192,"href":"https:\/\/www.messinaoggi.it\/website\/wp-json\/wp\/v2\/posts\/128187\/revisions\/128192"}],"wp:featuredmedia":[{"embeddable":true,"href":"https:\/\/www.messinaoggi.it\/website\/wp-json\/wp\/v2\/media\/128188"}],"wp:attachment":[{"href":"https:\/\/www.messinaoggi.it\/website\/wp-json\/wp\/v2\/media?parent=128187"}],"wp:term":[{"taxonomy":"category","embeddable":true,"href":"https:\/\/www.messinaoggi.it\/website\/wp-json\/wp\/v2\/categories?post=128187"},{"taxonomy":"post_tag","embeddable":true,"href":"https:\/\/www.messinaoggi.it\/website\/wp-json\/wp\/v2\/tags?post=128187"}],"curies":[{"name":"wp","href":"https:\/\/api.w.org\/{rel}","templated":true}]}}