{"id":128157,"date":"2022-11-02T21:35:12","date_gmt":"2022-11-02T20:35:12","guid":{"rendered":"http:\/\/www.messinaoggi.it\/website\/?p=128157"},"modified":"2022-11-02T21:35:22","modified_gmt":"2022-11-02T20:35:22","slug":"maira-usip-lon-ferro-garanzia-per-affrontare-le-problematiche-delle-forze-dellordine","status":"publish","type":"post","link":"https:\/\/www.messinaoggi.it\/website\/2022\/11\/02\/maira-usip-lon-ferro-garanzia-per-affrontare-le-problematiche-delle-forze-dellordine\/","title":{"rendered":"Maira (Usip): &#8220;L&#8217;on. Ferro garanzia per affrontare le problematiche delle forze dell&#8217;ordine&#8221;"},"content":{"rendered":"\n<p>Con la nomina dei vice ministri e dei sottosegretari si \u00e8 completata la squadra del nuovo Governo. &#8220;Diverse sono le donne che hanno assunto un ruolo di primo piano nei ranghi governativi  &#8211; afferma Rosaria Maira, segretario nazionale Usip e responsabile mobbing stalking &#8211; una scelta che<br>ritengo apprezzabile e davvero significativa, non foss\u2019altro per quel qui in pi\u00f9 che hanno dimostrato nei diversi ruoli istituzionali<br>In tale contesto prendo atto positivamente della nomina di Wanda Ferro a sottosegretario<br>all\u2019Interno, una donna, e ancor di pi\u00f9 una donna del Sud, che ha gi\u00e0 dimostrato grande impegno e capacit\u00e0 in precedenti incarichi istituzionali, tra cui si ricorda quello in Commissione parlamentare antimafia.<br>Formulo quindi i miei migliori auguri all\u2019on. Ferro per il prestigioso incarico ricevuto e visto le importanti pregresse esperienze in settori attinenti al tema della sicurezza, auspico che attraverso la nomina di una donna cos\u00ec capace e preparata sui temi specifici, si possano finalmente affrontare le problematiche delle forze dell\u2019ordine nel modo pi\u00f9 rispondente possibile alle esigenze delle donne e degli<br>uomini in divisa&#8221;.<br><div id=\"div-gpt-ad-Messinaoggi.it-DSK-300x250-corpoart\" style=\"text-align:center;margin:0 auto;\"><\/div><\/p>\n<div id=\"videoincontent\" style=\"clear:both\";><\/div>","protected":false},"excerpt":{"rendered":"<p>Con la nomina dei vice ministri e dei sottosegretari si \u00e8 completata la squadra del nuovo Governo. &#8220;Diverse sono le donne che hanno assunto un ruolo di primo piano nei ranghi governativi &#8211; afferma Rosaria Maira, segretario nazionale Usip e responsabile mobbing stalking &#8211; una scelta cheritengo apprezzabile e davvero significativa, non foss\u2019altro per quel [&hellip;]<\/p>\n","protected":false},"author":4,"featured_media":128158,"comment_status":"open","ping_status":"open","sticky":false,"template":"","format":"standard","meta":{"ub_ctt_via":"","_mi_skip_tracking":false},"categories":[5],"tags":[4826,3547,5235],"featured_image_src":"https:\/\/www.messinaoggi.it\/website\/wp-content\/uploads\/2022\/11\/IMG-20221102-WA0012.jpg","author_info":{"display_name":"redme","author_link":"https:\/\/www.messinaoggi.it\/website\/author\/redme\/"},"digistream_id":0,"digistream":false,"_links":{"self":[{"href":"https:\/\/www.messinaoggi.it\/website\/wp-json\/wp\/v2\/posts\/128157"}],"collection":[{"href":"https:\/\/www.messinaoggi.it\/website\/wp-json\/wp\/v2\/posts"}],"about":[{"href":"https:\/\/www.messinaoggi.it\/website\/wp-json\/wp\/v2\/types\/post"}],"author":[{"embeddable":true,"href":"https:\/\/www.messinaoggi.it\/website\/wp-json\/wp\/v2\/users\/4"}],"replies":[{"embeddable":true,"href":"https:\/\/www.messinaoggi.it\/website\/wp-json\/wp\/v2\/comments?post=128157"}],"version-history":[{"count":1,"href":"https:\/\/www.messinaoggi.it\/website\/wp-json\/wp\/v2\/posts\/128157\/revisions"}],"predecessor-version":[{"id":128159,"href":"https:\/\/www.messinaoggi.it\/website\/wp-json\/wp\/v2\/posts\/128157\/revisions\/128159"}],"wp:featuredmedia":[{"embeddable":true,"href":"https:\/\/www.messinaoggi.it\/website\/wp-json\/wp\/v2\/media\/128158"}],"wp:attachment":[{"href":"https:\/\/www.messinaoggi.it\/website\/wp-json\/wp\/v2\/media?parent=128157"}],"wp:term":[{"taxonomy":"category","embeddable":true,"href":"https:\/\/www.messinaoggi.it\/website\/wp-json\/wp\/v2\/categories?post=128157"},{"taxonomy":"post_tag","embeddable":true,"href":"https:\/\/www.messinaoggi.it\/website\/wp-json\/wp\/v2\/tags?post=128157"}],"curies":[{"name":"wp","href":"https:\/\/api.w.org\/{rel}","templated":true}]}}