{"id":128153,"date":"2022-11-02T20:07:50","date_gmt":"2022-11-02T19:07:50","guid":{"rendered":"https:\/\/www.messinaoggi.it\/website\/2022\/11\/02\/sarri-gara-feyenoord-rinviata-una-vergogna-niente-calcoli\/"},"modified":"2022-11-03T10:20:29","modified_gmt":"2022-11-03T09:20:29","slug":"sarri-gara-feyenoord-rinviata-una-vergogna-niente-calcoli","status":"publish","type":"post","link":"https:\/\/www.messinaoggi.it\/website\/2022\/11\/02\/sarri-gara-feyenoord-rinviata-una-vergogna-niente-calcoli\/","title":{"rendered":"Sarri \u201cGara Feyenoord rinviata una vergogna, niente calcoli\u201d"},"content":{"rendered":"<div>ROMA (ITALPRESS) &#8211; &#8220;La partita del Feyenoord rinviata? E&#8217; una vergogna che la Uefa permetta una cosa del genere. Ci sentiamo presi in giro. Come noi, anche lo Sturm e il Midtjylland&#8221;. Lo ha detto l&#8217;allenatore della Lazio, Maurizio Sarri alla vigilia del match di Europa League contro il Feyenoord. La partita degli olandesi in Eredivisie contro il Cambuur \u00e8 stata rinviata per permettere ad Arne Slot di preparare al meglio la sfida europea. <br \/>&#8220;Domani pu\u00f2 esserci un su e gi\u00f9, come \u00e8 accaduto nel girone di Champions del Tottenham. Non facciamo calcoli, vogliamo arrivare primi, alla fine vediamo quel che viene fuori. Lo stadio sar\u00e0 una bolgia&#8221;, ha aggiunto Sarri. La squadra biancoceleste insegue il primo posto e una reazione dopo la sconfitta con la Salernitana in campionato: &#8220;Abbiamo perso la partita per nervosismo. Ci sta prendere un gol, ma dovevamo continuare a fare quel che avevamo fatto nei primi 60&#8242;. Invece abbiamo reagito singolarmente. Abbiamo perso equilibrio e ordine&#8221;, la sua analisi. In conferenza stampa anche Mattia Zaccagni. &#8220;La chiamata in Nazionale la devo meritare nel corso di tutto l&#8217;anno, ho bisogno di dare continuit\u00e0 alle mie prestazioni. Il mister mi sta dando tanto, gi\u00e0 lo scorso anno avevo imparato molto e in questo inizio stagione mi sta permettendo di crescere sotto il profilo realizzativo&#8221;, dice l&#8217;attaccante della Lazio che anche in zona gol sta migliorando molto: &#8220;Le reti che sto realizzando sono il frutto del mio lavoro, spero di continuare cos\u00ec. Il Feyenoord? Domani troveremo uno stadio molto caldo, dovremo mettere la loro stessa intensit\u00e0 e la qualit\u00e0&#8221;. <br \/>&#8211; foto LivePhotoSport &#8211; <br \/>(ITALPRESS).<\/div>\n<div id=\"div-gpt-ad-Messinaoggi.it-DSK-300x250-corpoart\" style=\"text-align:center;margin:0 auto;\"><\/div><\/p><div id=\"videoincontent\" style=\"clear:both\";><\/div>","protected":false},"excerpt":{"rendered":"<p>ROMA (ITALPRESS) &#8211; &#8220;La partita del Feyenoord rinviata? E&#8217; una vergogna che la Uefa permetta una cosa del genere. Ci sentiamo presi in giro. Come noi, anche lo Sturm e il Midtjylland&#8221;. Lo ha detto l&#8217;allenatore della Lazio, Maurizio Sarri alla vigilia del match di Europa League contro il Feyenoord. La partita degli olandesi in [&hellip;]<\/p>\n","protected":false},"author":18,"featured_media":128154,"comment_status":"closed","ping_status":"closed","sticky":false,"template":"","format":"standard","meta":{"ub_ctt_via":"","_mi_skip_tracking":false},"categories":[10,446,9],"tags":[783],"featured_image_src":"https:\/\/www.messinaoggi.it\/website\/wp-content\/uploads\/2022\/11\/20221102_1881.jpg","author_info":{"display_name":"Admin","author_link":"https:\/\/www.messinaoggi.it\/website\/author\/admin\/"},"digistream_id":0,"digistream":false,"_links":{"self":[{"href":"https:\/\/www.messinaoggi.it\/website\/wp-json\/wp\/v2\/posts\/128153"}],"collection":[{"href":"https:\/\/www.messinaoggi.it\/website\/wp-json\/wp\/v2\/posts"}],"about":[{"href":"https:\/\/www.messinaoggi.it\/website\/wp-json\/wp\/v2\/types\/post"}],"author":[{"embeddable":true,"href":"https:\/\/www.messinaoggi.it\/website\/wp-json\/wp\/v2\/users\/18"}],"replies":[{"embeddable":true,"href":"https:\/\/www.messinaoggi.it\/website\/wp-json\/wp\/v2\/comments?post=128153"}],"version-history":[{"count":1,"href":"https:\/\/www.messinaoggi.it\/website\/wp-json\/wp\/v2\/posts\/128153\/revisions"}],"predecessor-version":[{"id":128197,"href":"https:\/\/www.messinaoggi.it\/website\/wp-json\/wp\/v2\/posts\/128153\/revisions\/128197"}],"wp:featuredmedia":[{"embeddable":true,"href":"https:\/\/www.messinaoggi.it\/website\/wp-json\/wp\/v2\/media\/128154"}],"wp:attachment":[{"href":"https:\/\/www.messinaoggi.it\/website\/wp-json\/wp\/v2\/media?parent=128153"}],"wp:term":[{"taxonomy":"category","embeddable":true,"href":"https:\/\/www.messinaoggi.it\/website\/wp-json\/wp\/v2\/categories?post=128153"},{"taxonomy":"post_tag","embeddable":true,"href":"https:\/\/www.messinaoggi.it\/website\/wp-json\/wp\/v2\/tags?post=128153"}],"curies":[{"name":"wp","href":"https:\/\/api.w.org\/{rel}","templated":true}]}}