{"id":128108,"date":"2022-11-02T16:17:50","date_gmt":"2022-11-02T15:17:50","guid":{"rendered":"https:\/\/www.messinaoggi.it\/website\/2022\/11\/02\/fondi-del-pnrr-in-sicilia-una-cabina-di-regia-a-supporto-dei-dipartimenti-regionali\/"},"modified":"2022-11-02T18:13:49","modified_gmt":"2022-11-02T17:13:49","slug":"fondi-del-pnrr-in-sicilia-una-cabina-di-regia-a-supporto-dei-dipartimenti-regionali","status":"publish","type":"post","link":"https:\/\/www.messinaoggi.it\/website\/2022\/11\/02\/fondi-del-pnrr-in-sicilia-una-cabina-di-regia-a-supporto-dei-dipartimenti-regionali\/","title":{"rendered":"Fondi del Pnrr, in Sicilia una cabina di regia a supporto dei Dipartimenti regionali"},"content":{"rendered":"<div>\n<p>PALERMO (ITALPRESS) \u2013 Una cabina di regia che possa supportare e coadiuvare i Dipartimenti regionali nella programmazione e nella spesa dei fondi del Pnrr \u2013 Piano nazionale di ripresa e resilienza. Il presidente della Regione Siciliana, Renato Schifani, ne ha annunciato la costituzione oggi nel corso di un incontro che si \u00e8 svolto a Palazzo d\u2019Orleans, a Palermo, con i dirigenti generali.<br \/>Sar\u00e0 presieduta dal segretario generale della Regione, Maria Mattarella, e composta da Giovanni Bologna, avvocato generale della Regione; Ignazio Tozzo, ragioniere generale; i dirigenti generali Federico Lasco, della Programmazione; Vincenzo Falgares, dell\u2019Arit; Carmen Madonia, della Funzione pubblica; e dal capo di gabinetto vicario del presidente, Vitalba Vaccaro.<br \/>\u201cIl Pnrr \u2013 ha detto Schifani ai dirigenti \u2013 \u00e8 un\u2019opportunit\u00e0 straordinaria per lo sviluppo della Sicilia e non possiamo sprecarla. Tanto \u00e8 gi\u00e0 stato fatto ed \u00e8 nostra intenzione continuare su questa strada. Con la collaborazione di tutti, faremo tutto quanto nelle nostre possibilit\u00e0 e metteremo in campo ogni sforzo per superare le eventuali criticit\u00e0 che dovessero presentarsi\u201d.<br \/>foto ufficio stampa Regione Siciliana<br \/>(ITALPRESS).<div id=\"div-gpt-ad-Messinaoggi.it-DSK-300x250-corpoart\" style=\"text-align:center;margin:0 auto;\"><\/div><\/p>\n<\/div>\n<div id=\"videoincontent\" style=\"clear:both\";><\/div>","protected":false},"excerpt":{"rendered":"<p>PALERMO (ITALPRESS) \u2013 Una cabina di regia che possa supportare e coadiuvare i Dipartimenti regionali nella programmazione e nella spesa dei fondi del Pnrr \u2013 Piano nazionale di ripresa e resilienza. Il presidente della Regione Siciliana, Renato Schifani, ne ha annunciato la costituzione oggi nel corso di un incontro che si \u00e8 svolto a Palazzo [&hellip;]<\/p>\n","protected":false},"author":18,"featured_media":128109,"comment_status":"closed","ping_status":"closed","sticky":false,"template":"","format":"standard","meta":{"ub_ctt_via":"","_mi_skip_tracking":false},"categories":[19,2449],"tags":[783],"featured_image_src":"https:\/\/www.messinaoggi.it\/website\/wp-content\/uploads\/2022\/11\/20221102_1352.jpg","author_info":{"display_name":"Admin","author_link":"https:\/\/www.messinaoggi.it\/website\/author\/admin\/"},"digistream_id":0,"digistream":false,"_links":{"self":[{"href":"https:\/\/www.messinaoggi.it\/website\/wp-json\/wp\/v2\/posts\/128108"}],"collection":[{"href":"https:\/\/www.messinaoggi.it\/website\/wp-json\/wp\/v2\/posts"}],"about":[{"href":"https:\/\/www.messinaoggi.it\/website\/wp-json\/wp\/v2\/types\/post"}],"author":[{"embeddable":true,"href":"https:\/\/www.messinaoggi.it\/website\/wp-json\/wp\/v2\/users\/18"}],"replies":[{"embeddable":true,"href":"https:\/\/www.messinaoggi.it\/website\/wp-json\/wp\/v2\/comments?post=128108"}],"version-history":[{"count":1,"href":"https:\/\/www.messinaoggi.it\/website\/wp-json\/wp\/v2\/posts\/128108\/revisions"}],"predecessor-version":[{"id":128129,"href":"https:\/\/www.messinaoggi.it\/website\/wp-json\/wp\/v2\/posts\/128108\/revisions\/128129"}],"wp:featuredmedia":[{"embeddable":true,"href":"https:\/\/www.messinaoggi.it\/website\/wp-json\/wp\/v2\/media\/128109"}],"wp:attachment":[{"href":"https:\/\/www.messinaoggi.it\/website\/wp-json\/wp\/v2\/media?parent=128108"}],"wp:term":[{"taxonomy":"category","embeddable":true,"href":"https:\/\/www.messinaoggi.it\/website\/wp-json\/wp\/v2\/categories?post=128108"},{"taxonomy":"post_tag","embeddable":true,"href":"https:\/\/www.messinaoggi.it\/website\/wp-json\/wp\/v2\/tags?post=128108"}],"curies":[{"name":"wp","href":"https:\/\/api.w.org\/{rel}","templated":true}]}}