{"id":12810,"date":"2017-12-11T12:32:20","date_gmt":"2017-12-11T11:32:20","guid":{"rendered":"http:\/\/www.messinaoggi.it\/website\/?p=12810"},"modified":"2017-12-11T12:32:20","modified_gmt":"2017-12-11T11:32:20","slug":"festa-dellaccensione-oltre-4mila-persone-per-lappuntamento-targato-confcommercio","status":"publish","type":"post","link":"https:\/\/www.messinaoggi.it\/website\/2017\/12\/11\/festa-dellaccensione-oltre-4mila-persone-per-lappuntamento-targato-confcommercio\/","title":{"rendered":"Festa dell&#039;Accensione, oltre 4mila persone per l&#039;appuntamento targato Confcommercio"},"content":{"rendered":"<p>Oltre 4mila messinesi hanno salutato con applausi e gli immancabili flash degli smartphone, la festa dell&#8217;Accensione dell&#8217;albero di Natale di piazza Cairoli, evento diventato un appuntamento fisso per la nostra citt\u00e0 targato Confcommercio. Una citt\u00e0 che ieri sera ha mostrato per l&#8217;ennesima volta la propria sete di eventi, quella voglia solo apparentemente sopita di riunirsi, di sentirsi comunit\u00e0.<br \/>\n<div id=\"attachment_12832\" style=\"width: 310px\" class=\"wp-caption alignnone\"><img aria-describedby=\"caption-attachment-12832\" loading=\"lazy\" class=\"size-medium wp-image-12832\" src=\"http:\/\/www.messinaoggi.it\/website\/wp-content\/uploads\/2017\/12\/accensione-akbero-p.cairoli-RRP_6583-300x200.jpg\" alt=\"\" width=\"300\" height=\"200\" \/><p id=\"caption-attachment-12832\" class=\"wp-caption-text\">La folla presente ieri sera alla Festa dell&#8217;Accensione (Foto Papandrea)<\/p><\/div><br \/>\nL&#8217;albero rester\u00e0 a piazza Cairoli per il prossimo mese, ma gi\u00e0 ieri sera molti messinesi non hanno perso l&#8217;occasione per scattare &#8220;un selfie con l&#8217;albero&#8221;. A fare il resto ci ha pensato l&#8217;animazione, che con i giochi con le bolle di sapone e molto altro, ha intrattenuto i pi\u00f9 piccoli.<br \/>\nNon poteva mancare il momento di preghiera con la consueta benedizione dell&#8217;Arciverscovo di Messina, Monsignor Giovanni Accolla: &#8220;Il Natale \u00e8 luce, \u00e8 speranza e Messina ha tanto bisogno di speranza. Speranza in un futuro migliore, ricco di prospettive e prosperit\u00e0 per tutti ma soprattutto per i giovani&#8221;.<br \/>\nPer Carmelo Picciotto, presidente della Confcommercio, sottolinea come questo evento rappresenti la vittoria per un modello proposto dall&#8217;associazione di categoria: &#8220;Siamo arrivati al quarto appuntamento della Festa dell&#8217;Accensione, divenuta ormai una piacevole abitudine per il Natale dei messinesi. Tutto questo \u00e8 la vittoria del modello Confcommercio, un modello che promuove la socialit\u00e0, il riscoprirsi comunit\u00e0 perch\u00e8 questi sono valori che possono portare ad una ripresa economica. Questo modello \u00e8 presente in altre realt\u00e0 ed \u00e8 pi\u00f9 consolidato, ma piano piano anche Messina sta rispondendo. Ci\u00f2 porta che i messinesi restano nella loro citt\u00e0 a godersi eventi cos\u00ec, piuttosto che andare e spendere altrove&#8221;.<div id=\"div-gpt-ad-Messinaoggi.it-DSK-300x250-corpoart\" style=\"text-align:center;margin:0 auto;\"><\/div><\/p>\n<div id=\"videoincontent\" style=\"clear:both\";><\/div>","protected":false},"excerpt":{"rendered":"<p>Oltre 4mila messinesi hanno salutato con applausi e gli immancabili flash degli smartphone, la festa dell&#8217;Accensione dell&#8217;albero di Natale di piazza Cairoli, evento diventato un appuntamento fisso per la nostra citt\u00e0 targato Confcommercio. Una citt\u00e0 che ieri sera ha mostrato per l&#8217;ennesima volta la propria sete di eventi, quella voglia solo apparentemente sopita di riunirsi, [&hellip;]<\/p>\n","protected":false},"author":1,"featured_media":12834,"comment_status":"closed","ping_status":"open","sticky":false,"template":"","format":"standard","meta":{"ub_ctt_via":"","_mi_skip_tracking":false},"categories":[5],"tags":[],"featured_image_src":"https:\/\/www.messinaoggi.it\/website\/wp-content\/uploads\/2017\/12\/accensione-albero-p.cairoli-RRP_6575.jpg","author_info":{"display_name":"admin@admin.com","author_link":"https:\/\/www.messinaoggi.it\/website\/author\/adminadmin-com\/"},"digistream_id":0,"digistream":false,"_links":{"self":[{"href":"https:\/\/www.messinaoggi.it\/website\/wp-json\/wp\/v2\/posts\/12810"}],"collection":[{"href":"https:\/\/www.messinaoggi.it\/website\/wp-json\/wp\/v2\/posts"}],"about":[{"href":"https:\/\/www.messinaoggi.it\/website\/wp-json\/wp\/v2\/types\/post"}],"author":[{"embeddable":true,"href":"https:\/\/www.messinaoggi.it\/website\/wp-json\/wp\/v2\/users\/1"}],"replies":[{"embeddable":true,"href":"https:\/\/www.messinaoggi.it\/website\/wp-json\/wp\/v2\/comments?post=12810"}],"version-history":[{"count":0,"href":"https:\/\/www.messinaoggi.it\/website\/wp-json\/wp\/v2\/posts\/12810\/revisions"}],"wp:featuredmedia":[{"embeddable":true,"href":"https:\/\/www.messinaoggi.it\/website\/wp-json\/wp\/v2\/media\/12834"}],"wp:attachment":[{"href":"https:\/\/www.messinaoggi.it\/website\/wp-json\/wp\/v2\/media?parent=12810"}],"wp:term":[{"taxonomy":"category","embeddable":true,"href":"https:\/\/www.messinaoggi.it\/website\/wp-json\/wp\/v2\/categories?post=12810"},{"taxonomy":"post_tag","embeddable":true,"href":"https:\/\/www.messinaoggi.it\/website\/wp-json\/wp\/v2\/tags?post=12810"}],"curies":[{"name":"wp","href":"https:\/\/api.w.org\/{rel}","templated":true}]}}