{"id":128073,"date":"2022-11-02T12:07:54","date_gmt":"2022-11-02T11:07:54","guid":{"rendered":"https:\/\/www.messinaoggi.it\/website\/2022\/11\/02\/i-sottosegretari-hanno-giurato-meloni-dare-risposte-ai-cittadini\/"},"modified":"2022-11-02T12:07:54","modified_gmt":"2022-11-02T11:07:54","slug":"i-sottosegretari-hanno-giurato-meloni-dare-risposte-ai-cittadini","status":"publish","type":"post","link":"https:\/\/www.messinaoggi.it\/website\/2022\/11\/02\/i-sottosegretari-hanno-giurato-meloni-dare-risposte-ai-cittadini\/","title":{"rendered":"I sottosegretari hanno giurato, Meloni \u201cDare risposte ai cittadini\u201d"},"content":{"rendered":"<div>ROMA (ITALPRESS) &#8211; Si \u00e8 svolta a palazzo Chigi la cerimonia di giuramento dei 31 sottosegretari del governo Meloni, nella Sala dei Galeoni alla presenza del presidente del Consiglio, Giorgia Meloni. Il sottosegretario alla Presidenza, Alfredo Mantovano, ha letto la formula sottolineando come la stessa &#8220;vale per tutti, ma l&#8217;assunzione di responsabilit\u00e0 \u00e8 personale&#8221;.<br \/>Subito dopo, il premier ha rivolto un saluto ai nuovi sottosegretari: &#8220;Se siete qui c&#8217;\u00e8 ovviamente una ragione, cio\u00e8 che siete all&#8217;altezza di questo compito, ho ritenuto che lo foste. In questo momento non rappresentate voi stessi, neanche un partito ma la Nazione e questo ha un enorme valore e un richiamo alla responsabilit\u00e0&#8221; ha detto. &#8220;Questa avventura sar\u00e0 lunga, speriamo, difficile sicuro, speriamo anche entusiasmante e lo pu\u00f2 essere e lo sar\u00e0 quando riusciremo a dare le risposte che i cittadini si aspettano da noi e saremo fedeli al compito che ci \u00e8 stato affidato a essere esattamente quello che abbiamo raccontato che saremmo stati. Grazie per il lavoro che farete, grazie per come riuscirete a farlo considerandovi sempre una squadra. Ricordate che ci sono milioni di persone la cui vita, futuro e benessere dipendono quasi esclusivamente o per buona parte da quello che riusciremo a fare noi&#8221;, ha aggiunto.<br \/>(ITALPRESS).<br \/>-foto Palazzo Chigi-<\/div>\n<div id=\"div-gpt-ad-Messinaoggi.it-DSK-300x250-corpoart\" style=\"text-align:center;margin:0 auto;\"><\/div><\/p><div id=\"videoincontent\" style=\"clear:both\";><\/div>","protected":false},"excerpt":{"rendered":"<p>ROMA (ITALPRESS) &#8211; Si \u00e8 svolta a palazzo Chigi la cerimonia di giuramento dei 31 sottosegretari del governo Meloni, nella Sala dei Galeoni alla presenza del presidente del Consiglio, Giorgia Meloni. Il sottosegretario alla Presidenza, Alfredo Mantovano, ha letto la formula sottolineando come la stessa &#8220;vale per tutti, ma l&#8217;assunzione di responsabilit\u00e0 \u00e8 personale&#8221;.Subito dopo, [&hellip;]<\/p>\n","protected":false},"author":18,"featured_media":128074,"comment_status":"closed","ping_status":"closed","sticky":false,"template":"","format":"standard","meta":{"ub_ctt_via":"","_mi_skip_tracking":false},"categories":[446],"tags":[783],"featured_image_src":"https:\/\/www.messinaoggi.it\/website\/wp-content\/uploads\/2022\/11\/20221102_0329.jpg","author_info":{"display_name":"Admin","author_link":"https:\/\/www.messinaoggi.it\/website\/author\/admin\/"},"digistream_id":0,"digistream":false,"_links":{"self":[{"href":"https:\/\/www.messinaoggi.it\/website\/wp-json\/wp\/v2\/posts\/128073"}],"collection":[{"href":"https:\/\/www.messinaoggi.it\/website\/wp-json\/wp\/v2\/posts"}],"about":[{"href":"https:\/\/www.messinaoggi.it\/website\/wp-json\/wp\/v2\/types\/post"}],"author":[{"embeddable":true,"href":"https:\/\/www.messinaoggi.it\/website\/wp-json\/wp\/v2\/users\/18"}],"replies":[{"embeddable":true,"href":"https:\/\/www.messinaoggi.it\/website\/wp-json\/wp\/v2\/comments?post=128073"}],"version-history":[{"count":0,"href":"https:\/\/www.messinaoggi.it\/website\/wp-json\/wp\/v2\/posts\/128073\/revisions"}],"wp:featuredmedia":[{"embeddable":true,"href":"https:\/\/www.messinaoggi.it\/website\/wp-json\/wp\/v2\/media\/128074"}],"wp:attachment":[{"href":"https:\/\/www.messinaoggi.it\/website\/wp-json\/wp\/v2\/media?parent=128073"}],"wp:term":[{"taxonomy":"category","embeddable":true,"href":"https:\/\/www.messinaoggi.it\/website\/wp-json\/wp\/v2\/categories?post=128073"},{"taxonomy":"post_tag","embeddable":true,"href":"https:\/\/www.messinaoggi.it\/website\/wp-json\/wp\/v2\/tags?post=128073"}],"curies":[{"name":"wp","href":"https:\/\/api.w.org\/{rel}","templated":true}]}}