{"id":128066,"date":"2022-11-02T11:07:52","date_gmt":"2022-11-02T10:07:52","guid":{"rendered":"https:\/\/www.messinaoggi.it\/website\/2022\/11\/02\/caso-ginnastica-abodi-medaglie-non-coprono-errori\/"},"modified":"2022-11-02T18:14:58","modified_gmt":"2022-11-02T17:14:58","slug":"caso-ginnastica-abodi-medaglie-non-coprono-errori","status":"publish","type":"post","link":"https:\/\/www.messinaoggi.it\/website\/2022\/11\/02\/caso-ginnastica-abodi-medaglie-non-coprono-errori\/","title":{"rendered":"Caso ginnastica, Abodi \u201cMedaglie non coprono errori\u201d"},"content":{"rendered":"<div>ROMA (ITALPRESS) &#8211; &#8220;Deve essere chiaro che basta un caso per avere la stessa attenzione di centomila casi. Le medaglie sono un fattore di orgoglio nazionale, ma non ci sar\u00e0 mai una medaglia che coprir\u00e0 comportamenti non adeguati. Siamo praticanti di valori, non predicatori&#8221;. Lo ha detto Andrea Abodi, ministro dello Sport e dei Giovani, parlando in conferenza stampa a margine dell&#8217;incontro di questa mattina con il presidente del Coni Giovanni Malag\u00f2 e il n.1 della Federginnastica, Gherardo Tecchi, per affrontare il tema delle denunce presentate nei giorni scorsi da alcune ex atlete della ritmica. &#8220;C&#8217;\u00e8 un tribunale ordinario a Brescia e uno federale prontamente sollecitati &#8211; ha aggiunto Abodi &#8211; C&#8217;\u00e8 una segnalazione e c&#8217;\u00e8 un calendario certo. Quello che emerge andr\u00e0 valutato, di sicuro il confine tra il rigore e lo sconfinamento \u00e8 una linea sottile. L&#8217;allenamento della ginnastica presuppone una preparazione fisica di un certo tipo. Ma le cose bisogna dirle agli atleti nel modo giusto, altrimenti si va oltre&#8221;. &#8220;Parliamo di un movimento con diverse centinaia di migliaia di tesserati, con la ritmica che rappresenta il fiore all&#8217;occhiello del sistema sportivo italiano. Giusto fare chiarezza e verificare tutto, la salvaguardia degli atleti \u00e8 al primo posto. Ma il movimento \u00e8 sano, serio e rispettoso delle regole&#8221;, ha sottolineato Malag\u00f2. &#8220;Ho sentito la dt Maccarani per avere la sua opinione &#8211; ha svelato il numero uno dello sport italiano &#8211; lei \u00e8 membro di Giunta e rappresenta tutti i tecnici italiani. E&#8217; l&#8217;allenatrice pi\u00f9 vincente nella storia sportiva del Paese. Di persone serie e belle come lei ne ho incontrate poche&#8221;. Chiusura sull&#8217;impegno della Federginnastica per contrastare gli abusi: &#8220;Tecchi \u00e8 un gentiluomo d&#8217;altri tempi e una persona innovativa. In consiglio nazionale parlai di questo suo progetto, il Safeguarding Officer. Molte federazioni hanno copiato questo modello, \u00e8 l&#8217;occasione migliore per dimostrare efficienza e rapidit\u00e0 del sistema&#8221;. &#8220;Credo in quello che hanno detto le ragazze, voglio che queste cose siano sistemate e che l&#8217;ambiente sia pi\u00f9 lindo e trasparente possibile. Non possiamo permetterci certe cose, ne va della credibilit\u00e0 della federazione &#8211; le parole di Tecchi &#8211; Il nostro \u00e8 uno sport giovanissimo, la maggior parte dei tesserati \u00e8 sotto i 18 anni. Dobbiamo avere un&#8217;attenzione particolare. Prima di tutto viene l&#8217;atleta e noi abbiamo il massimo rispetto degli atleti. Questa storia sar\u00e0 valutata dagli organi competenti in modo attento e particolare&#8221;. &#8220;Noi abbiamo due strutture, la procura federale e il safeguarding officer &#8211; ha concluso il presidente della Fgi &#8211; Come parte politica non c&#8217;entriamo nulla. So solo che hanno gi\u00e0 convocato le ragazze per il prossimo gioved\u00ec. Devono sentire, valutare, capire cosa c&#8217;\u00e8 e cosa non c&#8217;\u00e8&#8221;.<br \/>&#8211; Foto spf\/Italpress &#8211;<br \/>(ITALPRESS).<\/div>\n<div id=\"div-gpt-ad-Messinaoggi.it-DSK-300x250-corpoart\" style=\"text-align:center;margin:0 auto;\"><\/div><\/p><div id=\"videoincontent\" style=\"clear:both\";><\/div>","protected":false},"excerpt":{"rendered":"<p>ROMA (ITALPRESS) &#8211; &#8220;Deve essere chiaro che basta un caso per avere la stessa attenzione di centomila casi. Le medaglie sono un fattore di orgoglio nazionale, ma non ci sar\u00e0 mai una medaglia che coprir\u00e0 comportamenti non adeguati. Siamo praticanti di valori, non predicatori&#8221;. Lo ha detto Andrea Abodi, ministro dello Sport e dei Giovani, [&hellip;]<\/p>\n","protected":false},"author":18,"featured_media":128067,"comment_status":"closed","ping_status":"closed","sticky":false,"template":"","format":"standard","meta":{"ub_ctt_via":"","_mi_skip_tracking":false},"categories":[8,446,9],"tags":[783],"featured_image_src":"https:\/\/www.messinaoggi.it\/website\/wp-content\/uploads\/2022\/11\/20221102_0222.jpg","author_info":{"display_name":"Admin","author_link":"https:\/\/www.messinaoggi.it\/website\/author\/admin\/"},"digistream_id":0,"digistream":false,"_links":{"self":[{"href":"https:\/\/www.messinaoggi.it\/website\/wp-json\/wp\/v2\/posts\/128066"}],"collection":[{"href":"https:\/\/www.messinaoggi.it\/website\/wp-json\/wp\/v2\/posts"}],"about":[{"href":"https:\/\/www.messinaoggi.it\/website\/wp-json\/wp\/v2\/types\/post"}],"author":[{"embeddable":true,"href":"https:\/\/www.messinaoggi.it\/website\/wp-json\/wp\/v2\/users\/18"}],"replies":[{"embeddable":true,"href":"https:\/\/www.messinaoggi.it\/website\/wp-json\/wp\/v2\/comments?post=128066"}],"version-history":[{"count":1,"href":"https:\/\/www.messinaoggi.it\/website\/wp-json\/wp\/v2\/posts\/128066\/revisions"}],"predecessor-version":[{"id":128132,"href":"https:\/\/www.messinaoggi.it\/website\/wp-json\/wp\/v2\/posts\/128066\/revisions\/128132"}],"wp:featuredmedia":[{"embeddable":true,"href":"https:\/\/www.messinaoggi.it\/website\/wp-json\/wp\/v2\/media\/128067"}],"wp:attachment":[{"href":"https:\/\/www.messinaoggi.it\/website\/wp-json\/wp\/v2\/media?parent=128066"}],"wp:term":[{"taxonomy":"category","embeddable":true,"href":"https:\/\/www.messinaoggi.it\/website\/wp-json\/wp\/v2\/categories?post=128066"},{"taxonomy":"post_tag","embeddable":true,"href":"https:\/\/www.messinaoggi.it\/website\/wp-json\/wp\/v2\/tags?post=128066"}],"curies":[{"name":"wp","href":"https:\/\/api.w.org\/{rel}","templated":true}]}}