{"id":128049,"date":"2022-11-02T09:07:52","date_gmt":"2022-11-02T08:07:52","guid":{"rendered":"https:\/\/www.messinaoggi.it\/website\/2022\/11\/02\/piantedosi-fermeremo-solo-i-rave-non-decidono-i-social\/"},"modified":"2022-11-02T09:07:52","modified_gmt":"2022-11-02T08:07:52","slug":"piantedosi-fermeremo-solo-i-rave-non-decidono-i-social","status":"publish","type":"post","link":"https:\/\/www.messinaoggi.it\/website\/2022\/11\/02\/piantedosi-fermeremo-solo-i-rave-non-decidono-i-social\/","title":{"rendered":"Piantedosi \u201cFermeremo solo i rave, non decidono i social\u201d"},"content":{"rendered":"<div>ROMA (ITALPRESS) &#8211; \u00abCredo sia interesse di tutti contrastare i rave illegali. Trovo invece offensivo attribuirci la volont\u00e0 di intervenire in altri contesti, in cui si esercitano diritti costituzionalmente garantiti a cui la norma chiaramente non fa alcun riferimento. In ogni caso la conversione dei decreti si fa in Parlamento, non sui social. In quella sede ogni proposta sar\u00e0 esaminata dal governo\u00bb.<br \/>Lo afferma, in un&#8217;intervista al Corriere della Sera, il ministro dell&#8217;Interno Matteo Piantedosi, sottolineando che &#8220;l&#8217;obiettivo di queste norme approvate dal Consiglio dei ministri \u00e8 allinearci alla legislazione degli altri Paesi europei anche ai fini di dissuadere l&#8217;organizzazione di tali eventi che mettono in pericolo soprattutto gli stessi partecipanti &#8211; ricordo che a Modena si ballava in un capannone pericolante e si rischiava una strage &#8211; e finiscono per tenere in scacco intere zone, pregiudicando attivit\u00e0 commerciali e viabilit\u00e0&#8221;. &#8220;Dobbiamo garantire, in primo luogo &#8211; aggiunge- che i giovani possano divertirsi senza esporsi a pericoli per la loro incolumit\u00e0 e poi tutelare gli imprenditori che subiscono la concorrenza di chi agisce in spregio a qualsiasi regola\u00bb.<br \/>Sul tema Ong e immigrazione afferma: &#8220;Abbiamo agito sin da subito per dare un segnale immediato agli Stati di bandiera: non possiamo farci carico dei migranti raccolti in mare da navi straniere che operano sistematicamente senza alcun preventivo coordinamento delle autorit\u00e0. Al momento questi eventi rappresentano il 16% delle persone sbarcate in Italia. Ma poich\u00e8 ci facciamo gi\u00e0 carico del restante 84% dei migranti arrivati sulle nostre coste, con altri mezzi o salvati da noi, auspichiamo che la tanto sbandierata solidariet\u00e0 europea si realizzi&#8221;.<br \/>-foto agenziafotogramma.it-<br \/>(ITALPRESS).<\/div>\n<div id=\"div-gpt-ad-Messinaoggi.it-DSK-300x250-corpoart\" style=\"text-align:center;margin:0 auto;\"><\/div><\/p><div id=\"videoincontent\" style=\"clear:both\";><\/div>","protected":false},"excerpt":{"rendered":"<p>ROMA (ITALPRESS) &#8211; \u00abCredo sia interesse di tutti contrastare i rave illegali. Trovo invece offensivo attribuirci la volont\u00e0 di intervenire in altri contesti, in cui si esercitano diritti costituzionalmente garantiti a cui la norma chiaramente non fa alcun riferimento. In ogni caso la conversione dei decreti si fa in Parlamento, non sui social. In quella [&hellip;]<\/p>\n","protected":false},"author":18,"featured_media":128050,"comment_status":"closed","ping_status":"closed","sticky":false,"template":"","format":"standard","meta":{"ub_ctt_via":"","_mi_skip_tracking":false},"categories":[446],"tags":[783],"featured_image_src":"https:\/\/www.messinaoggi.it\/website\/wp-content\/uploads\/2022\/11\/20221102_0089.jpg","author_info":{"display_name":"Admin","author_link":"https:\/\/www.messinaoggi.it\/website\/author\/admin\/"},"digistream_id":0,"digistream":false,"_links":{"self":[{"href":"https:\/\/www.messinaoggi.it\/website\/wp-json\/wp\/v2\/posts\/128049"}],"collection":[{"href":"https:\/\/www.messinaoggi.it\/website\/wp-json\/wp\/v2\/posts"}],"about":[{"href":"https:\/\/www.messinaoggi.it\/website\/wp-json\/wp\/v2\/types\/post"}],"author":[{"embeddable":true,"href":"https:\/\/www.messinaoggi.it\/website\/wp-json\/wp\/v2\/users\/18"}],"replies":[{"embeddable":true,"href":"https:\/\/www.messinaoggi.it\/website\/wp-json\/wp\/v2\/comments?post=128049"}],"version-history":[{"count":0,"href":"https:\/\/www.messinaoggi.it\/website\/wp-json\/wp\/v2\/posts\/128049\/revisions"}],"wp:featuredmedia":[{"embeddable":true,"href":"https:\/\/www.messinaoggi.it\/website\/wp-json\/wp\/v2\/media\/128050"}],"wp:attachment":[{"href":"https:\/\/www.messinaoggi.it\/website\/wp-json\/wp\/v2\/media?parent=128049"}],"wp:term":[{"taxonomy":"category","embeddable":true,"href":"https:\/\/www.messinaoggi.it\/website\/wp-json\/wp\/v2\/categories?post=128049"},{"taxonomy":"post_tag","embeddable":true,"href":"https:\/\/www.messinaoggi.it\/website\/wp-json\/wp\/v2\/tags?post=128049"}],"curies":[{"name":"wp","href":"https:\/\/api.w.org\/{rel}","templated":true}]}}