{"id":128041,"date":"2022-11-01T20:07:50","date_gmt":"2022-11-01T19:07:50","guid":{"rendered":"https:\/\/www.messinaoggi.it\/website\/2022\/11\/01\/rave-party-conte-una-norma-da-stato-di-polizia\/"},"modified":"2022-11-01T20:07:50","modified_gmt":"2022-11-01T19:07:50","slug":"rave-party-conte-una-norma-da-stato-di-polizia","status":"publish","type":"post","link":"https:\/\/www.messinaoggi.it\/website\/2022\/11\/01\/rave-party-conte-una-norma-da-stato-di-polizia\/","title":{"rendered":"Rave party, Conte \u201cUna norma da Stato di polizia\u201d"},"content":{"rendered":"<div>ROMA (ITALPRESS) &#8211; &#8220;Nel decreto-legge adottato ieri dal Governo compare una nuova fattispecie di reato. Premetto che io stesso, nel mio post di ieri avevo aperto ad &#8220;azioni mirate a maggiore prevenzione e contrasto dell&#8217;illegalit\u00e0&#8221; per contrastare raduni che creano, oggettivamente, problemi di ordine pubblico e sicurezza, anche a garanzia dell&#8217;incolumit\u00e0 degli stessi partecipanti. Ma il modo con cui si \u00e8 intervenuti \u00e8 raccapricciante&#8221;. Lo scrive su Facebook il presidente del M5S Giuseppe Conte.<br \/>&#8220;Viene punito, sino a 6 anni, chi promuove, ma anche chi partecipa a un raduno che comporti invasione di edifici o terreni e coinvolga un numero superiore a 50 persone e dal quale pu\u00f2 derivare un pericolo per l&#8217;incolumit\u00e0 pubblica o la salute pubblica &#8211; prosegue -. L&#8217;intera struttura del reato appare basata su un pericolo (&#8220;pu\u00f2 derivare un pericolo&#8221;) del tutto remoto con il risultato che la medesima offensivit\u00e0 della condotta, gi\u00e0 in ipotesi, risulta fortemente attenuata. Peraltro non ha precedenti nel nostro ordinamento un reato plurisoggettivo necessario che colpisca pi\u00f9 di 50 persone riunite. Senza dire dell&#8217;arbitrariet\u00e0 di questo numero (50 persone riunite non commettono reato, 51 persone s\u00ec). La punizione \u00e8 del tutto abnorme&#8221;.<br \/>&#8220;Questa norma non ha nulla a che vedere con il diritto penale. Questa norma \u00e8 un docile strumento che, per la sua genericit\u00e0, consentir\u00e0 un esercizio discrezionale alle autorit\u00e0 preposte alla sicurezza e all&#8217;ordine pubblico. Si applicher\u00e0 anche ai raduni negli edifici, quindi nelle scuole, nelle fabbriche, nelle universit\u00e0 &#8211; sottolinea il leader del M5S -. Ci aspettavamo come primo atto del Governo un intervento per il caro-bollette e per il caro-prezzi. Nulla di tutto questo. Abbiamo invece una esibizione muscolare di un governo impregnato di una ideologia iniquamente e soverchiamente repressiva. Questa \u00e8 una norma da &#8220;stato di polizia&#8221;. La Meloni ha dichiarato di non avere simpatie per il regime fascista. Ma la sua cultura non \u00e8 distante. Ci batteremo per contrastare questa deriva con tutte le nostre forze&#8221;.<div id=\"div-gpt-ad-Messinaoggi.it-DSK-300x250-corpoart\" style=\"text-align:center;margin:0 auto;\"><\/div><\/p>\n<p>&#8211; foto Agenziafotogramma.it &#8211;<div id=\"videoincontent\" style=\"clear:both\";><\/div><\/p>\n<p>(ITALPRESS).<\/p><\/div>\n","protected":false},"excerpt":{"rendered":"<p>ROMA (ITALPRESS) &#8211; &#8220;Nel decreto-legge adottato ieri dal Governo compare una nuova fattispecie di reato. Premetto che io stesso, nel mio post di ieri avevo aperto ad &#8220;azioni mirate a maggiore prevenzione e contrasto dell&#8217;illegalit\u00e0&#8221; per contrastare raduni che creano, oggettivamente, problemi di ordine pubblico e sicurezza, anche a garanzia dell&#8217;incolumit\u00e0 degli stessi partecipanti. Ma [&hellip;]<\/p>\n","protected":false},"author":18,"featured_media":128042,"comment_status":"closed","ping_status":"closed","sticky":false,"template":"","format":"standard","meta":{"ub_ctt_via":"","_mi_skip_tracking":false},"categories":[446],"tags":[783],"featured_image_src":"https:\/\/www.messinaoggi.it\/website\/wp-content\/uploads\/2022\/11\/20221101_0735.jpg","author_info":{"display_name":"Admin","author_link":"https:\/\/www.messinaoggi.it\/website\/author\/admin\/"},"digistream_id":0,"digistream":false,"_links":{"self":[{"href":"https:\/\/www.messinaoggi.it\/website\/wp-json\/wp\/v2\/posts\/128041"}],"collection":[{"href":"https:\/\/www.messinaoggi.it\/website\/wp-json\/wp\/v2\/posts"}],"about":[{"href":"https:\/\/www.messinaoggi.it\/website\/wp-json\/wp\/v2\/types\/post"}],"author":[{"embeddable":true,"href":"https:\/\/www.messinaoggi.it\/website\/wp-json\/wp\/v2\/users\/18"}],"replies":[{"embeddable":true,"href":"https:\/\/www.messinaoggi.it\/website\/wp-json\/wp\/v2\/comments?post=128041"}],"version-history":[{"count":0,"href":"https:\/\/www.messinaoggi.it\/website\/wp-json\/wp\/v2\/posts\/128041\/revisions"}],"wp:featuredmedia":[{"embeddable":true,"href":"https:\/\/www.messinaoggi.it\/website\/wp-json\/wp\/v2\/media\/128042"}],"wp:attachment":[{"href":"https:\/\/www.messinaoggi.it\/website\/wp-json\/wp\/v2\/media?parent=128041"}],"wp:term":[{"taxonomy":"category","embeddable":true,"href":"https:\/\/www.messinaoggi.it\/website\/wp-json\/wp\/v2\/categories?post=128041"},{"taxonomy":"post_tag","embeddable":true,"href":"https:\/\/www.messinaoggi.it\/website\/wp-json\/wp\/v2\/tags?post=128041"}],"curies":[{"name":"wp","href":"https:\/\/api.w.org\/{rel}","templated":true}]}}