{"id":128035,"date":"2022-11-01T16:07:55","date_gmt":"2022-11-01T15:07:55","guid":{"rendered":"https:\/\/www.messinaoggi.it\/website\/2022\/11\/01\/allegri-europa-league-e-unopportunita-pogba-e-dispiaciuto\/"},"modified":"2022-11-02T10:42:52","modified_gmt":"2022-11-02T09:42:52","slug":"allegri-europa-league-e-unopportunita-pogba-e-dispiaciuto","status":"publish","type":"post","link":"https:\/\/www.messinaoggi.it\/website\/2022\/11\/01\/allegri-europa-league-e-unopportunita-pogba-e-dispiaciuto\/","title":{"rendered":"Allegri \u201cEuropa League \u00e8 un\u2019opportunit\u00e0, Pogba \u00e8 dispiaciuto\u201d"},"content":{"rendered":"<div>TORINO (ITALPRESS) &#8211; Ultima gara di Champions League per la Juventus che all&#8217;Allianz Stadium prover\u00e0 a strappare col Psg il pass per l&#8217;Europa League, chiudendo il girone al terzo posto. Per i bianconeri \u00e8 questo l&#8217;obiettivo, anche se il rammarico per non aver passato il turno \u00e8 tanto. &#8220;A parte Locatelli, non recuperiamo nessuno &#8211; ha detto Massimiliano Allegri in conferenza stampa -. Domani \u00e8 importante. E&#8217; decisiva per l&#8217;Europa League, sempre Europa \u00e8&#8221;. L&#8217;avversario non \u00e8 certamente dei pi\u00f9 morbidi, coi parigini che sono una delle formazioni pi\u00f9 forti al mondo: &#8220;Dovremo giocare una gara intelligente, tecnicamente valida &#8211; ha aggiunto il tecnico -. A Parigi abbiamo regalato due gol, su due situazioni evitabili. Servir\u00e0 fiducia come avuto a Lecce, in vista di quel che faremo domani sera&#8221;. Poi, su come andrebbe vissuta l&#8217;Europa League, Allegri ha spiegato: &#8220;Tutto \u00e8 un&#8217;opportunit\u00e0. Vediamo il risultato, se saremo stati bravi ad andarci ma non ci voglio neanche pensare. Dobbiamo pensare alla gara di domani e a fare il meglio&#8221;. Tante assenze, da inizio stagione, per i bianconeri che hanno dovuto fare affidamento a tanti giovani. Tra le pi\u00f9 pesanti c&#8217;\u00e8 chiaramente quella di Paul Pogba: &#8220;E&#8217; dispiaciuto per Juventus e per il Mondiale con la Francia, \u00e8 normale, noi siamo stati penalizzati per non averlo avuto a disposizione&#8221;. Ultimo forfait in ordine di tempo, quello di Dusan Vlahovic: &#8220;Non \u00e8 a disposizione, \u00e8 da tre giorni che non si allena. Speriamo sia pronto per l&#8217;Inter. La media infortuni si \u00e8 alzata in questa stagione. Abbiamo avuto infortuni non solo muscolari, avremo sbagliato sicuramente qualcosa ma ci sono stati infortuni traumatici&#8221;. Insieme ad Allegri in conferenza stampa \u00e8 intervenuto il laterale Juan Cuadrado: &#8220;Dobbiamo scendere in campo determinazione e rabbia per non aver raggiunto un obiettivo &#8211; ha sottolineato il colombiano -. Penso che questa partita \u00e8 importante perch\u00e8 ci pu\u00f2 far trovare un posto in Europa che \u00e8 molto importante per noi&#8221;. Classe 1988 e col contratto in scadenza, Cuadrado non pensa al futuro: &#8220;Sono contento di essere qui, siamo come una famiglia. Sono molto grato alla Juve. Io penso a fare il meglio possibile per la squadra, il futuro si vedr\u00e0. Dobbiamo scendere in campo con voglia, come fatto nelle ultime di campionato. Daremo il 200% per qualificarci in Europa League&#8221;, ha concluso.<br \/>&#8211; Foto LivePhotoSport &#8211;<br \/>(ITALPRESS).<\/div>\n<div id=\"div-gpt-ad-Messinaoggi.it-DSK-300x250-corpoart\" style=\"text-align:center;margin:0 auto;\"><\/div><\/p><div id=\"videoincontent\" style=\"clear:both\";><\/div>","protected":false},"excerpt":{"rendered":"<p>TORINO (ITALPRESS) &#8211; Ultima gara di Champions League per la Juventus che all&#8217;Allianz Stadium prover\u00e0 a strappare col Psg il pass per l&#8217;Europa League, chiudendo il girone al terzo posto. Per i bianconeri \u00e8 questo l&#8217;obiettivo, anche se il rammarico per non aver passato il turno \u00e8 tanto. &#8220;A parte Locatelli, non recuperiamo nessuno &#8211; [&hellip;]<\/p>\n","protected":false},"author":18,"featured_media":128036,"comment_status":"closed","ping_status":"closed","sticky":false,"template":"","format":"standard","meta":{"ub_ctt_via":"","_mi_skip_tracking":false},"categories":[10,446,9],"tags":[783],"featured_image_src":"https:\/\/www.messinaoggi.it\/website\/wp-content\/uploads\/2022\/11\/20221101_0327.jpg","author_info":{"display_name":"Admin","author_link":"https:\/\/www.messinaoggi.it\/website\/author\/admin\/"},"digistream_id":0,"digistream":false,"_links":{"self":[{"href":"https:\/\/www.messinaoggi.it\/website\/wp-json\/wp\/v2\/posts\/128035"}],"collection":[{"href":"https:\/\/www.messinaoggi.it\/website\/wp-json\/wp\/v2\/posts"}],"about":[{"href":"https:\/\/www.messinaoggi.it\/website\/wp-json\/wp\/v2\/types\/post"}],"author":[{"embeddable":true,"href":"https:\/\/www.messinaoggi.it\/website\/wp-json\/wp\/v2\/users\/18"}],"replies":[{"embeddable":true,"href":"https:\/\/www.messinaoggi.it\/website\/wp-json\/wp\/v2\/comments?post=128035"}],"version-history":[{"count":1,"href":"https:\/\/www.messinaoggi.it\/website\/wp-json\/wp\/v2\/posts\/128035\/revisions"}],"predecessor-version":[{"id":128060,"href":"https:\/\/www.messinaoggi.it\/website\/wp-json\/wp\/v2\/posts\/128035\/revisions\/128060"}],"wp:featuredmedia":[{"embeddable":true,"href":"https:\/\/www.messinaoggi.it\/website\/wp-json\/wp\/v2\/media\/128036"}],"wp:attachment":[{"href":"https:\/\/www.messinaoggi.it\/website\/wp-json\/wp\/v2\/media?parent=128035"}],"wp:term":[{"taxonomy":"category","embeddable":true,"href":"https:\/\/www.messinaoggi.it\/website\/wp-json\/wp\/v2\/categories?post=128035"},{"taxonomy":"post_tag","embeddable":true,"href":"https:\/\/www.messinaoggi.it\/website\/wp-json\/wp\/v2\/tags?post=128035"}],"curies":[{"name":"wp","href":"https:\/\/api.w.org\/{rel}","templated":true}]}}