{"id":127984,"date":"2022-10-31T20:07:55","date_gmt":"2022-10-31T19:07:55","guid":{"rendered":"https:\/\/www.messinaoggi.it\/website\/2022\/10\/31\/inzaghi-a-monaco-per-fare-una-partita-seria\/"},"modified":"2022-10-31T20:07:55","modified_gmt":"2022-10-31T19:07:55","slug":"inzaghi-a-monaco-per-fare-una-partita-seria","status":"publish","type":"post","link":"https:\/\/www.messinaoggi.it\/website\/2022\/10\/31\/inzaghi-a-monaco-per-fare-una-partita-seria\/","title":{"rendered":"Inzaghi \u201cA Monaco per fare una partita seria\u201d"},"content":{"rendered":"<div>MONACO DI BAVIERA (GERMANIA) (ITALPRESS) &#8211; &#8220;Domani non conta per il girone ma sar\u00e0 una partita in un bellissimo stadio, contro una delle migliori squadre d&#8217;Europa. Vogliamo fare una gara seria, sapendo che ci saranno delle difficolt\u00e0 contro una squadra molto forte e con una rosa profonda&#8221;. Lo ha detto il tecnico dell&#8217;Inter, Simone Inzaghi, alla vigilia della sfida di Champions League in casa del Bayern Monaco. &#8220;Noi siamo messi meglio, \u00e8 cresciuta la condizione dei singoli &#8211; spiega in conferenza stampa il mister nerazzurro &#8211; Lukaku? Ha avuto un problemino alla cicatrice nella partita di sabato e dovr\u00e0 restare a riposo qualche giorno. Verr\u00e0 rivalutato a fine settimana ma \u00e8 un rallentamento che non ci voleva. Speriamo di poterlo riutilizzare prima della sosta. Brozovic? Speriamo possa tornare domenica, D&#8217;Ambrosio invece non lo avremo fino a dopo la sosta&#8221;. In vista del derby d&#8217;Italia contro la Juventus, &#8220;cambier\u00f2 qualcosa ma non troppo &#8211; svela l&#8217;allenatore piacentino &#8211; La squadra sta dando ottime risposte&#8221;. &#8220;In attacco Dzeko ha preso una botta, Correa e Lautaro stanno bene e abbiamo due ragazzi della Primavera che ci possono dare una mano&#8221;, prosegue il mister nerazzurro. In porta toccher\u00f2 ad Onana: &#8220;Handanovic non \u00e8 disponibile, lavorer\u00e0 per tornare a disposizione quando torneremo in Italia. Asslani? sta crescendo tanto, domani &#8211; conclude Inzaghi  pu\u00f2 essere la partita giusta per lui da mezz&#8217;ala o regista&#8221;.<br \/>&#8211; Foto Image &#8211;<br \/>(ITALPRESS).<\/div>\n<div id=\"div-gpt-ad-Messinaoggi.it-DSK-300x250-corpoart\" style=\"text-align:center;margin:0 auto;\"><\/div><\/p><div id=\"videoincontent\" style=\"clear:both\";><\/div>","protected":false},"excerpt":{"rendered":"<p>MONACO DI BAVIERA (GERMANIA) (ITALPRESS) &#8211; &#8220;Domani non conta per il girone ma sar\u00e0 una partita in un bellissimo stadio, contro una delle migliori squadre d&#8217;Europa. Vogliamo fare una gara seria, sapendo che ci saranno delle difficolt\u00e0 contro una squadra molto forte e con una rosa profonda&#8221;. Lo ha detto il tecnico dell&#8217;Inter, Simone Inzaghi, [&hellip;]<\/p>\n","protected":false},"author":18,"featured_media":127985,"comment_status":"closed","ping_status":"closed","sticky":false,"template":"","format":"standard","meta":{"ub_ctt_via":"","_mi_skip_tracking":false},"categories":[446],"tags":[783],"featured_image_src":"https:\/\/www.messinaoggi.it\/website\/wp-content\/uploads\/2022\/10\/20221031_1506.jpg","author_info":{"display_name":"Admin","author_link":"https:\/\/www.messinaoggi.it\/website\/author\/admin\/"},"digistream_id":0,"digistream":false,"_links":{"self":[{"href":"https:\/\/www.messinaoggi.it\/website\/wp-json\/wp\/v2\/posts\/127984"}],"collection":[{"href":"https:\/\/www.messinaoggi.it\/website\/wp-json\/wp\/v2\/posts"}],"about":[{"href":"https:\/\/www.messinaoggi.it\/website\/wp-json\/wp\/v2\/types\/post"}],"author":[{"embeddable":true,"href":"https:\/\/www.messinaoggi.it\/website\/wp-json\/wp\/v2\/users\/18"}],"replies":[{"embeddable":true,"href":"https:\/\/www.messinaoggi.it\/website\/wp-json\/wp\/v2\/comments?post=127984"}],"version-history":[{"count":0,"href":"https:\/\/www.messinaoggi.it\/website\/wp-json\/wp\/v2\/posts\/127984\/revisions"}],"wp:featuredmedia":[{"embeddable":true,"href":"https:\/\/www.messinaoggi.it\/website\/wp-json\/wp\/v2\/media\/127985"}],"wp:attachment":[{"href":"https:\/\/www.messinaoggi.it\/website\/wp-json\/wp\/v2\/media?parent=127984"}],"wp:term":[{"taxonomy":"category","embeddable":true,"href":"https:\/\/www.messinaoggi.it\/website\/wp-json\/wp\/v2\/categories?post=127984"},{"taxonomy":"post_tag","embeddable":true,"href":"https:\/\/www.messinaoggi.it\/website\/wp-json\/wp\/v2\/tags?post=127984"}],"curies":[{"name":"wp","href":"https:\/\/api.w.org\/{rel}","templated":true}]}}