{"id":127954,"date":"2022-10-31T19:07:56","date_gmt":"2022-10-31T18:07:56","guid":{"rendered":"https:\/\/www.messinaoggi.it\/website\/2022\/10\/31\/pioli-rinnova-con-il-milan-fino-al-30-giugno-2025\/"},"modified":"2022-10-31T19:07:56","modified_gmt":"2022-10-31T18:07:56","slug":"pioli-rinnova-con-il-milan-fino-al-30-giugno-2025","status":"publish","type":"post","link":"https:\/\/www.messinaoggi.it\/website\/2022\/10\/31\/pioli-rinnova-con-il-milan-fino-al-30-giugno-2025\/","title":{"rendered":"Pioli rinnova con il Milan fino al 30 giugno 2025"},"content":{"rendered":"<div>MILANO (ITALPRESS) &#8211; Il Milan ha annunciato il rinnovo del<br \/>contratto di Stefano Pioli fino al 30 giugno 2025. &#8220;Dopo aver<br \/>intrapreso un cammino virtuoso, culminato con la vittoria del<br \/>Campionato 2021\/2022, il Milan e Stefano continueranno insieme un<br \/>progetto ambizioso che rispecchia i valori e la Storia del Club&#8221;<br \/>ha annunciato il club rossonero. La notizia era nell&#8217;aria da tempo, e adesso \u00e8 arrivata l&#8217;ufficialit\u00e0. Per l&#8217;allenatore rossonero anche un adeguamento economico, con il passaggio dagli attuali 3 a 3,5 milioni di euro a stagione. &#8220;Firmare il rinnovo \u00e8 sempre molto emozionante, \u00e8 la situazione che volevo e che desidero. Ringrazio la propriet\u00e0 per questa opportunit\u00e0, l&#8217;area tecnica anche per la tempistica in cui \u00e8 stato fatto questo contratto, e questo mi d\u00e0 se possibile ancora pi\u00f9 carica e ancora pi\u00f9 motivazione per fare al meglio quello che stiamo facendo&#8221; le prime parole del tecnico dopo la firma.<br \/>&#8211; foto LivePhotoSport &#8211; <br \/>(ITALPRESS).<\/div>\n<div id=\"div-gpt-ad-Messinaoggi.it-DSK-300x250-corpoart\" style=\"text-align:center;margin:0 auto;\"><\/div><\/p><div id=\"videoincontent\" style=\"clear:both\";><\/div>","protected":false},"excerpt":{"rendered":"<p>MILANO (ITALPRESS) &#8211; Il Milan ha annunciato il rinnovo delcontratto di Stefano Pioli fino al 30 giugno 2025. &#8220;Dopo averintrapreso un cammino virtuoso, culminato con la vittoria delCampionato 2021\/2022, il Milan e Stefano continueranno insieme unprogetto ambizioso che rispecchia i valori e la Storia del Club&#8221;ha annunciato il club rossonero. La notizia era nell&#8217;aria da [&hellip;]<\/p>\n","protected":false},"author":18,"featured_media":127955,"comment_status":"closed","ping_status":"closed","sticky":false,"template":"","format":"standard","meta":{"ub_ctt_via":"","_mi_skip_tracking":false},"categories":[446],"tags":[783],"featured_image_src":"https:\/\/www.messinaoggi.it\/website\/wp-content\/uploads\/2022\/10\/20221031_1422.jpg","author_info":{"display_name":"Admin","author_link":"https:\/\/www.messinaoggi.it\/website\/author\/admin\/"},"digistream_id":0,"digistream":false,"_links":{"self":[{"href":"https:\/\/www.messinaoggi.it\/website\/wp-json\/wp\/v2\/posts\/127954"}],"collection":[{"href":"https:\/\/www.messinaoggi.it\/website\/wp-json\/wp\/v2\/posts"}],"about":[{"href":"https:\/\/www.messinaoggi.it\/website\/wp-json\/wp\/v2\/types\/post"}],"author":[{"embeddable":true,"href":"https:\/\/www.messinaoggi.it\/website\/wp-json\/wp\/v2\/users\/18"}],"replies":[{"embeddable":true,"href":"https:\/\/www.messinaoggi.it\/website\/wp-json\/wp\/v2\/comments?post=127954"}],"version-history":[{"count":0,"href":"https:\/\/www.messinaoggi.it\/website\/wp-json\/wp\/v2\/posts\/127954\/revisions"}],"wp:featuredmedia":[{"embeddable":true,"href":"https:\/\/www.messinaoggi.it\/website\/wp-json\/wp\/v2\/media\/127955"}],"wp:attachment":[{"href":"https:\/\/www.messinaoggi.it\/website\/wp-json\/wp\/v2\/media?parent=127954"}],"wp:term":[{"taxonomy":"category","embeddable":true,"href":"https:\/\/www.messinaoggi.it\/website\/wp-json\/wp\/v2\/categories?post=127954"},{"taxonomy":"post_tag","embeddable":true,"href":"https:\/\/www.messinaoggi.it\/website\/wp-json\/wp\/v2\/tags?post=127954"}],"curies":[{"name":"wp","href":"https:\/\/api.w.org\/{rel}","templated":true}]}}