{"id":127926,"date":"2022-10-31T15:17:50","date_gmt":"2022-10-31T14:17:50","guid":{"rendered":"https:\/\/www.messinaoggi.it\/website\/2022\/10\/31\/schifani-la-sanita-ha-una-funzione-pubblica-da-tutelare\/"},"modified":"2022-10-31T15:17:50","modified_gmt":"2022-10-31T14:17:50","slug":"schifani-la-sanita-ha-una-funzione-pubblica-da-tutelare","status":"publish","type":"post","link":"https:\/\/www.messinaoggi.it\/website\/2022\/10\/31\/schifani-la-sanita-ha-una-funzione-pubblica-da-tutelare\/","title":{"rendered":"Schifani \u201cLa sanit\u00e0 ha una funzione pubblica da tutelare\u201d"},"content":{"rendered":"<div>\n<p>ENNA (ITALPRESS) \u2013 \u201cLa giornata di oggi dimostra la fortissima integrazione tra pubblico e privato nel mondo della sanit\u00e0. Il pubblico ha contribuito, con un privato di eccellenza, mettendo a disposizione strutture medico-ospedaliere, perch\u00e8 si possano realizzare lauree con altri Paesi europei per formare giovani che credano nei valori europei e arricchiscano questa provincia delle professionalit\u00e0 sanitarie della quale ha bisogno. Ho voluto essere qui a Enna per testimoniare la condivisione di questo progetto da parte della Regione che ho l\u2019onore di guidare e per manifestare un messaggio ai ragazzi: rimanere nel territorio. L\u2019impegno mio e del mio governo sar\u00e0 quello di rendere possibile questo desiderio\u201d. Lo ha detto il presidente della Regione Siciliana, Renato Schifani, presente alla cerimonia di consegna, nell\u2019auditorium \u201cScelfo\u201d di Unikore Enna, delle lauree ai neo dottori in Medicina, e all\u2019inaugurazione dell\u2019anno accademico 2022\/23 della Facolt\u00e0 di Medicina e Farmacia dell\u2019Universit\u00e0 rumena \u201cDunarea de Jos\u201d din Galati. <br \/>\u201cLa sanit\u00e0 ha una funzione pubblica, \u00e8 un bene da tutelare \u2013 ha sottolineato il presidente -. La mia particolare attenzione sar\u00e0 concentrata sulle aree di emergenza siciliane, in grande sofferenza. Dobbiamo migliorare perch\u00e8 il paziente,  traumatizzato, provato fisicamente e psicologicamente, ha il primo impatto con il pronto soccorso e deve trovare luoghi di accoglienza e tempi celeri. Lavorer\u00f2 nei prossimi cinque anni perch\u00e8 episodi di lunghe attese e difficolt\u00e0 di accesso possano essere totalmente dimenticate. Sar\u00f2 sempre vicino a chi soffre, \u00e8 uno dei miei obiettivi: riconoscere, affrontare e stare vicino a chi vive un disagio sociale. Sono il presidente della Regione ma voglio essere soprattutto il presidente dei siciliani. Ecco perch\u00e8 anche le opposizioni troveranno sempre il mio ascolto. Credo che la Sicilia abbia bisogno di questo: di tornare a credere nella vicinanza delle istituzioni\u201d.<br \/>foto ufficio stampa Regione Siciliana<br \/>(ITALPRESS).<div id=\"div-gpt-ad-Messinaoggi.it-DSK-300x250-corpoart\" style=\"text-align:center;margin:0 auto;\"><\/div><\/p>\n<\/div>\n<div id=\"videoincontent\" style=\"clear:both\";><\/div>","protected":false},"excerpt":{"rendered":"<p>ENNA (ITALPRESS) \u2013 \u201cLa giornata di oggi dimostra la fortissima integrazione tra pubblico e privato nel mondo della sanit\u00e0. Il pubblico ha contribuito, con un privato di eccellenza, mettendo a disposizione strutture medico-ospedaliere, perch\u00e8 si possano realizzare lauree con altri Paesi europei per formare giovani che credano nei valori europei e arricchiscano questa provincia delle [&hellip;]<\/p>\n","protected":false},"author":18,"featured_media":127927,"comment_status":"closed","ping_status":"closed","sticky":false,"template":"","format":"standard","meta":{"ub_ctt_via":"","_mi_skip_tracking":false},"categories":[2449],"tags":[783],"featured_image_src":"https:\/\/www.messinaoggi.it\/website\/wp-content\/uploads\/2022\/10\/20221031_0768.jpg","author_info":{"display_name":"Admin","author_link":"https:\/\/www.messinaoggi.it\/website\/author\/admin\/"},"digistream_id":0,"digistream":false,"_links":{"self":[{"href":"https:\/\/www.messinaoggi.it\/website\/wp-json\/wp\/v2\/posts\/127926"}],"collection":[{"href":"https:\/\/www.messinaoggi.it\/website\/wp-json\/wp\/v2\/posts"}],"about":[{"href":"https:\/\/www.messinaoggi.it\/website\/wp-json\/wp\/v2\/types\/post"}],"author":[{"embeddable":true,"href":"https:\/\/www.messinaoggi.it\/website\/wp-json\/wp\/v2\/users\/18"}],"replies":[{"embeddable":true,"href":"https:\/\/www.messinaoggi.it\/website\/wp-json\/wp\/v2\/comments?post=127926"}],"version-history":[{"count":0,"href":"https:\/\/www.messinaoggi.it\/website\/wp-json\/wp\/v2\/posts\/127926\/revisions"}],"wp:featuredmedia":[{"embeddable":true,"href":"https:\/\/www.messinaoggi.it\/website\/wp-json\/wp\/v2\/media\/127927"}],"wp:attachment":[{"href":"https:\/\/www.messinaoggi.it\/website\/wp-json\/wp\/v2\/media?parent=127926"}],"wp:term":[{"taxonomy":"category","embeddable":true,"href":"https:\/\/www.messinaoggi.it\/website\/wp-json\/wp\/v2\/categories?post=127926"},{"taxonomy":"post_tag","embeddable":true,"href":"https:\/\/www.messinaoggi.it\/website\/wp-json\/wp\/v2\/tags?post=127926"}],"curies":[{"name":"wp","href":"https:\/\/api.w.org\/{rel}","templated":true}]}}