{"id":127874,"date":"2022-10-31T09:17:51","date_gmt":"2022-10-31T08:17:51","guid":{"rendered":"https:\/\/www.messinaoggi.it\/website\/2022\/10\/31\/allorto-botanico-di-palermo-12-mila-visitatori-per-zagara-dautunno\/"},"modified":"2022-10-31T09:57:26","modified_gmt":"2022-10-31T08:57:26","slug":"allorto-botanico-di-palermo-12-mila-visitatori-per-zagara-dautunno","status":"publish","type":"post","link":"https:\/\/www.messinaoggi.it\/website\/2022\/10\/31\/allorto-botanico-di-palermo-12-mila-visitatori-per-zagara-dautunno\/","title":{"rendered":"All\u2019Orto Botanico di Palermo 12 mila visitatori per \u201cZagara d\u2019Autunno\u201d"},"content":{"rendered":"<div>\n<p>PALERMO (ITALPRESS) \u2013 Chiusa la Zagara d\u2019 Autunno,la 23\u00b0esima edizione baciata da un sole insolitamente caldo, con un\u2019 affluenza di 12.000 visitatori nelle tre giornate, che hanno affollato gli stand di oltre sessanta tra vivaisti ed espositori da tutta Italia. Molte le curiosit\u00e0 da scoprire, tra piante aromatiche, cactacee, bulbi e semi per terrazze e giardini, ma anche orchidee, agrumi, bouganville, melograni, liquirizia ed altre essenze aromatiche. Il saluto del Rettore Massimo Midiri ha aperto la presentazione del libro, invitando tutti a votare dal sito web dell\u2019 Orto, il contest che vede in testa il ficus macrophylla come Tree of the Year, ha spiegato che: \u201d L\u2019attenzione nei confronti dei grandi alberi e la cura della sostenibilit\u00e0 ambientale, per cui abbiamo creato un centro di studi specifico \u2013 ha spiegato il Rettore \u2013 \u00e8 uno dei punti salienti dell\u2019 attivit\u00e0 dell\u2019 Universit\u00e0, e l\u2019Orto botanico \u00e8 di sicuro la punta di diamante per la conservazione della biodiversit\u00e0 vegetale, un luogo magico che accoglie chi arriva in citt\u00e0, su cui intendiamo continuare ad investire\u201d.<br \/>\nQuesta edizione della Zagara ha tracciato con chiarezza il ruolo degli orti botanici del futuro, in un convegno ed una tavola rotonda cui hanno partecipato i sei direttori dei maggiori orti universitari italiani, alle prese con il gi\u00e0 evidente cambiamento climatico in corso, oltre a problemi gestionali ed economici. \u201cDobbiamo passare dalla concezione ottocentesca degli orti dediti alla conservazione del patrimonio vegetale, ad una nuova funzione moderna \u2013 ha spiegato il direttore di Palermo Rosario Schicchi, che possa rispondere alle esigenze sociali, ambientali ed ecologiche delle nuove comunit\u00e0. Riuscire a coniugare la ricerca, la funzione museale, con l\u2019 arricchimento delle collezioni botaniche, oltre che a garantirne la conservazione, monitorando i cambiamenti climatici nella vegetazione che sono gi\u00e0 sotto i nostri occhi\u201d.<br \/>\nIl direttore del Sistema museale di Unipa Paolo Inglese, anticipando il progetto di utilizzo dei nuovi fondi del PNRR, che vede l\u2019orto di Palermo tra i giardini storici beneficiari di finanziamento in Italia, ha spiegato come un sistema integrato di fruizione e comunicazione, sia riuscito nel 2021 a toccare i 150.000 visitatori, tetto che sar\u00e0 forse superato nell\u2019 anno in corso. Una vera boccata d\u2019 ossigeno per l\u2019 Orto cittadino alle prese con le storiche carenze di personale specializzato per la cura e la complessa potatura delle piante monumentali, affidata a sole 5 unit\u00e0 e a personale stagionale. \u201cDai turisti e dagli eventi arriva nuova linfa economica da reinvestire nella ricerca e nella gestione, introiti provenienti soprattutto dalla presenza dei turisti, che in Orto raggiunge il 75% nei picchi dei mesi primaverili ed estivi, ma anche grazie ad eventi e concerti serali in estate, tutte fonti di finanziamento aggiuntive \u2013 ha spiegato Inglese \u2013 che ci hanno consentito nuova autonomia di gestione. Il piano di finanziamento del PNRR che ha assegnato all\u2019 orto palermitano un milione di euro, \u00e8 stato anticipato nelle grandi linee, ed andr\u00e0 a finanziare la completa digitalizzazione dell\u2019 erbario mediterraneo conservato in via Lincoln, un nuovo sistema di accoglienza per i visitatori, nuova tabellazione per le collezioni botaniche, rinnovati sistemi di irrigazione, di smaltimento del residuo secco, oltre a molti altri interventi migliorativi alle fontane, ai sistemi di illuminazione, nonch\u00e9 la nuova pavimentazione del piazzale e dei viali ed accesso ai disabili.<br \/>\nIl direttore dell\u2019 Orto di Napoli Paolo Caputo ha parlato Palermo e Napoli di strutture borboniche gemelle, quelle dei due orti maggiori del sud Italia, entrambi custodi di una biodiversit\u00e0 vegetale di vitale importanza per le comunit\u00e0 sia scientifiche che cittadine, coinvolti in problematiche di controllo dei danni da cambiamento climatico, giardini che sempre di pi\u00f9 devono coniugare la missione delle nuove acquisizioni di specie, incrementando la didattica, la ricerca e l\u2019 apertura al sociale\u201d.<br \/>\nUn premio speciale \u00e8 stato assegnato domenica mattina a Venerando Faro, l\u2019uomo dei Giardini, il fondatore dei Vivai Faro di Giarre e della Fondazione Radicepura, che ha ricevuto una simbolica riproduzione di terracotta che raffigura il Ficus macrophylla dell\u2019 Orto. I vivai Piante Faro, da parte loro, hanno donato un esemplare di palma che mancava dalla collezione palermitana, una livistona saribus.<br \/>\nSempre con l\u2019 intervento e la sperimentazione dei vivai Faro, sono stati reimpiantati dodici antichi agrumi siciliani provenienti dal giardino della Kolymbetra di Agrigento gestito dal Fai, piante selezionate perch\u00e8 resistenti al virus della tristezza degli agrumi, che vanno ad arricchire la collezione dell\u2019 orto palermitano, che \u00e8 gi\u00e0 tra le pi\u00f9 ricche d\u2019 Italia.<div id=\"div-gpt-ad-Messinaoggi.it-DSK-300x250-corpoart\" style=\"text-align:center;margin:0 auto;\"><\/div><\/p>\n<p>-foto: ufficio stampa UniPa<div id=\"videoincontent\" style=\"clear:both\";><\/div><\/p>\n<p>(ITALPRESS).<\/p>\n<\/div>\n","protected":false},"excerpt":{"rendered":"<p>PALERMO (ITALPRESS) \u2013 Chiusa la Zagara d\u2019 Autunno,la 23\u00b0esima edizione baciata da un sole insolitamente caldo, con un\u2019 affluenza di 12.000 visitatori nelle tre giornate, che hanno affollato gli stand di oltre sessanta tra vivaisti ed espositori da tutta Italia. Molte le curiosit\u00e0 da scoprire, tra piante aromatiche, cactacee, bulbi e semi per terrazze e [&hellip;]<\/p>\n","protected":false},"author":18,"featured_media":127875,"comment_status":"closed","ping_status":"closed","sticky":false,"template":"","format":"standard","meta":{"ub_ctt_via":"","_mi_skip_tracking":false},"categories":[11,2449],"tags":[783],"featured_image_src":"https:\/\/www.messinaoggi.it\/website\/wp-content\/uploads\/2022\/10\/20221031_0104.jpg","author_info":{"display_name":"Admin","author_link":"https:\/\/www.messinaoggi.it\/website\/author\/admin\/"},"digistream_id":0,"digistream":false,"_links":{"self":[{"href":"https:\/\/www.messinaoggi.it\/website\/wp-json\/wp\/v2\/posts\/127874"}],"collection":[{"href":"https:\/\/www.messinaoggi.it\/website\/wp-json\/wp\/v2\/posts"}],"about":[{"href":"https:\/\/www.messinaoggi.it\/website\/wp-json\/wp\/v2\/types\/post"}],"author":[{"embeddable":true,"href":"https:\/\/www.messinaoggi.it\/website\/wp-json\/wp\/v2\/users\/18"}],"replies":[{"embeddable":true,"href":"https:\/\/www.messinaoggi.it\/website\/wp-json\/wp\/v2\/comments?post=127874"}],"version-history":[{"count":1,"href":"https:\/\/www.messinaoggi.it\/website\/wp-json\/wp\/v2\/posts\/127874\/revisions"}],"predecessor-version":[{"id":127876,"href":"https:\/\/www.messinaoggi.it\/website\/wp-json\/wp\/v2\/posts\/127874\/revisions\/127876"}],"wp:featuredmedia":[{"embeddable":true,"href":"https:\/\/www.messinaoggi.it\/website\/wp-json\/wp\/v2\/media\/127875"}],"wp:attachment":[{"href":"https:\/\/www.messinaoggi.it\/website\/wp-json\/wp\/v2\/media?parent=127874"}],"wp:term":[{"taxonomy":"category","embeddable":true,"href":"https:\/\/www.messinaoggi.it\/website\/wp-json\/wp\/v2\/categories?post=127874"},{"taxonomy":"post_tag","embeddable":true,"href":"https:\/\/www.messinaoggi.it\/website\/wp-json\/wp\/v2\/tags?post=127874"}],"curies":[{"name":"wp","href":"https:\/\/api.w.org\/{rel}","templated":true}]}}