{"id":12786,"date":"2017-12-11T08:55:55","date_gmt":"2017-12-11T07:55:55","guid":{"rendered":"http:\/\/www.messinaoggi.it\/website\/?p=12786"},"modified":"2017-12-11T08:55:55","modified_gmt":"2017-12-11T07:55:55","slug":"sciopero-medici-ci-sara-anche-lanaao-assomed","status":"publish","type":"post","link":"https:\/\/www.messinaoggi.it\/website\/2017\/12\/11\/sciopero-medici-ci-sara-anche-lanaao-assomed\/","title":{"rendered":"Sciopero medici, ci sar\u00e0 anche l&#039;Anaao-Assomed"},"content":{"rendered":"<p style=\"text-align: justify;\">Anche l\u2019Anaao-Assomed aderir\u00e0 allo sciopero dei medici e dei dirigenti nazionali di domani. A comunicarlo \u00e8 direttamente il sindacato, che domani sar\u00e0 a Palermo in occasione del sit-in regionale che si svolger\u00e0 in via Ottavio Ziino a partire dalle 10 a sostegno della trattativa per il rinnovo del contratto nazionale.<div id=\"div-gpt-ad-Messinaoggi.it-DSK-300x250-corpoart\" style=\"text-align:center;margin:0 auto;\"><\/div><\/p>\n<p style=\"text-align: justify;\">\u201cIl 12 dicembre \u2013 si legge nel comunicato ufficiale del sindacato &#8211; \u00a0si lotta per sostenere il Diritto dei cittadini italiani ad essere curati e per il diritto dei medici ad assicurare le cure migliori. Si lotta per una civile e forte difesa della Professione, come riconoscimento della sua autonomia, dei livelli retributivi e del ruolo di tutela per i cittadini; Si lotta per la fine del precariato in tutti i settori della Sanit\u00e0 Pubblica, per la creazione di nuova occupazione e per l\u2019aumento dei contratti di formazione specialistica per i giovani laureati; Si lotta contro il progressivo e costante definanziamento del Servizio Sanitario Nazionale, figlio di una politica governativa miope e inconcludente\u201d.<div id=\"videoincontent\" style=\"clear:both\";><\/div><\/p>\n<p style=\"text-align: justify;\">\u201c<em>A livello regionale<\/em> &#8211; spiega Pietro Pata, segretario regionalele Anaao Sicilia &#8211; <em>alle motivazioni nazionali, si aggiungono problemi peculiari\u201d<\/em>. Tanto che le organizzazioni sindacali della dirigenza medica hanno formalmente avanzato al neo assessore regionale Ruggero Razza, un incontro urgente per affrontare i tempi pi\u00f9 caldi: Rielaborazione della Rete ospedaliera che necessita di urgente revisione; Una completa, omogenea e razionale definizione delle procedure di reclutamento del personale e stabilizzazione di tutti i dirigenti precari; Percorso condiviso per la definizione delle piante organiche negli ospedali e nel territorio; Rapporto tra Universit\u00e0 e servizio sanitario della Regione Sicilia.<\/p>\n","protected":false},"excerpt":{"rendered":"<p>Anche l\u2019Anaao-Assomed aderir\u00e0 allo sciopero dei medici e dei dirigenti nazionali di domani. A comunicarlo \u00e8 direttamente il sindacato, che domani sar\u00e0 a Palermo in occasione del sit-in regionale che si svolger\u00e0 in via Ottavio Ziino a partire dalle 10 a sostegno della trattativa per il rinnovo del contratto nazionale. \u201cIl 12 dicembre \u2013 si [&hellip;]<\/p>\n","protected":false},"author":2,"featured_media":2875,"comment_status":"closed","ping_status":"open","sticky":false,"template":"","format":"standard","meta":{"ub_ctt_via":"","_mi_skip_tracking":false},"categories":[6],"tags":[],"featured_image_src":"https:\/\/www.messinaoggi.it\/website\/wp-content\/uploads\/2017\/06\/sanita-2.jpg","author_info":{"display_name":"Redazione","author_link":"https:\/\/www.messinaoggi.it\/website\/author\/redazione\/"},"digistream_id":0,"digistream":false,"_links":{"self":[{"href":"https:\/\/www.messinaoggi.it\/website\/wp-json\/wp\/v2\/posts\/12786"}],"collection":[{"href":"https:\/\/www.messinaoggi.it\/website\/wp-json\/wp\/v2\/posts"}],"about":[{"href":"https:\/\/www.messinaoggi.it\/website\/wp-json\/wp\/v2\/types\/post"}],"author":[{"embeddable":true,"href":"https:\/\/www.messinaoggi.it\/website\/wp-json\/wp\/v2\/users\/2"}],"replies":[{"embeddable":true,"href":"https:\/\/www.messinaoggi.it\/website\/wp-json\/wp\/v2\/comments?post=12786"}],"version-history":[{"count":0,"href":"https:\/\/www.messinaoggi.it\/website\/wp-json\/wp\/v2\/posts\/12786\/revisions"}],"wp:featuredmedia":[{"embeddable":true,"href":"https:\/\/www.messinaoggi.it\/website\/wp-json\/wp\/v2\/media\/2875"}],"wp:attachment":[{"href":"https:\/\/www.messinaoggi.it\/website\/wp-json\/wp\/v2\/media?parent=12786"}],"wp:term":[{"taxonomy":"category","embeddable":true,"href":"https:\/\/www.messinaoggi.it\/website\/wp-json\/wp\/v2\/categories?post=12786"},{"taxonomy":"post_tag","embeddable":true,"href":"https:\/\/www.messinaoggi.it\/website\/wp-json\/wp\/v2\/tags?post=12786"}],"curies":[{"name":"wp","href":"https:\/\/api.w.org\/{rel}","templated":true}]}}