{"id":127850,"date":"2022-10-30T17:07:50","date_gmt":"2022-10-30T16:07:50","guid":{"rendered":"https:\/\/www.messinaoggi.it\/website\/2022\/10\/30\/fini-riconosciuto-valore-antifascismo-meloni-non-si-e-dissociata\/"},"modified":"2022-10-30T17:07:50","modified_gmt":"2022-10-30T16:07:50","slug":"fini-riconosciuto-valore-antifascismo-meloni-non-si-e-dissociata","status":"publish","type":"post","link":"https:\/\/www.messinaoggi.it\/website\/2022\/10\/30\/fini-riconosciuto-valore-antifascismo-meloni-non-si-e-dissociata\/","title":{"rendered":"Fini \u201cRiconosciuto valore antifascismo, Meloni non si \u00e8 dissociata\u201d"},"content":{"rendered":"<div>ROMA (ITALPRESS) &#8211; &#8220;La sinistra non pu\u00f2 accendere l&#8217;interruttore dell&#8217;antifascismo solo quando, in modo strumentale, ravvisa un pericolo per la democrazia. La sinistra dice di riconoscere l&#8217;antifascimo come un valore e la risposta non pu\u00f2 che essere s\u00ec, ma dire che tutti i democratici sono antifascisti ma non tutti gli antifascisti sono democratici non \u00e8 sbagliato. Le accuse mosse a Meloni sono risibili. Abbiamo detto a Fiuggi che l&#8217;antifascismo \u00e8 un valore e Meloni non si \u00e8 dissociata&#8221;. Cos\u00ec Gianfranco Fini a Mezz&#8217;ora in pi\u00f9 su Rai3. &#8220;Non vedo ambiguit\u00e0&#8221;, ha poi detto in merito alle parole del presidente del Senato Ignazio La Russa sul 25 aprile. &#8220;Il titolo \u00e8 forzato, La Russa dice &#8216;dipend\u00e8 e non andr\u00e0 ai cortei perch\u00e8 rischierebbe di trovarsi con chi nel nome dell&#8217;antifascismo lo ha minacciato di morte. La sinistra deve essere lineare nel dire che l&#8217;antifascimo ha anche delle posizioni antidemocratiche. All&#8217;antifascismo condiviso dovrebbe corrispondere un patriottismo condiviso&#8221;, ha aggiunto.<br \/>(ITALPRESS).<br \/>-foto agenziafotogramma.it-<\/div>\n<div id=\"div-gpt-ad-Messinaoggi.it-DSK-300x250-corpoart\" style=\"text-align:center;margin:0 auto;\"><\/div><\/p><div id=\"videoincontent\" style=\"clear:both\";><\/div>","protected":false},"excerpt":{"rendered":"<p>ROMA (ITALPRESS) &#8211; &#8220;La sinistra non pu\u00f2 accendere l&#8217;interruttore dell&#8217;antifascismo solo quando, in modo strumentale, ravvisa un pericolo per la democrazia. La sinistra dice di riconoscere l&#8217;antifascimo come un valore e la risposta non pu\u00f2 che essere s\u00ec, ma dire che tutti i democratici sono antifascisti ma non tutti gli antifascisti sono democratici non \u00e8 [&hellip;]<\/p>\n","protected":false},"author":18,"featured_media":127851,"comment_status":"closed","ping_status":"closed","sticky":false,"template":"","format":"standard","meta":{"ub_ctt_via":"","_mi_skip_tracking":false},"categories":[446],"tags":[783],"featured_image_src":"https:\/\/www.messinaoggi.it\/website\/wp-content\/uploads\/2022\/10\/20221030_1281.jpg","author_info":{"display_name":"Admin","author_link":"https:\/\/www.messinaoggi.it\/website\/author\/admin\/"},"digistream_id":0,"digistream":false,"_links":{"self":[{"href":"https:\/\/www.messinaoggi.it\/website\/wp-json\/wp\/v2\/posts\/127850"}],"collection":[{"href":"https:\/\/www.messinaoggi.it\/website\/wp-json\/wp\/v2\/posts"}],"about":[{"href":"https:\/\/www.messinaoggi.it\/website\/wp-json\/wp\/v2\/types\/post"}],"author":[{"embeddable":true,"href":"https:\/\/www.messinaoggi.it\/website\/wp-json\/wp\/v2\/users\/18"}],"replies":[{"embeddable":true,"href":"https:\/\/www.messinaoggi.it\/website\/wp-json\/wp\/v2\/comments?post=127850"}],"version-history":[{"count":0,"href":"https:\/\/www.messinaoggi.it\/website\/wp-json\/wp\/v2\/posts\/127850\/revisions"}],"wp:featuredmedia":[{"embeddable":true,"href":"https:\/\/www.messinaoggi.it\/website\/wp-json\/wp\/v2\/media\/127851"}],"wp:attachment":[{"href":"https:\/\/www.messinaoggi.it\/website\/wp-json\/wp\/v2\/media?parent=127850"}],"wp:term":[{"taxonomy":"category","embeddable":true,"href":"https:\/\/www.messinaoggi.it\/website\/wp-json\/wp\/v2\/categories?post=127850"},{"taxonomy":"post_tag","embeddable":true,"href":"https:\/\/www.messinaoggi.it\/website\/wp-json\/wp\/v2\/tags?post=127850"}],"curies":[{"name":"wp","href":"https:\/\/api.w.org\/{rel}","templated":true}]}}