{"id":127840,"date":"2022-10-31T03:07:50","date_gmt":"2022-10-31T02:07:50","guid":{"rendered":"https:\/\/www.messinaoggi.it\/website\/2022\/10\/30\/papa-nella-vita-non-e-mai-tutto-perduto\/"},"modified":"2022-10-31T09:58:14","modified_gmt":"2022-10-31T08:58:14","slug":"papa-nella-vita-non-e-mai-tutto-perduto","status":"publish","type":"post","link":"https:\/\/www.messinaoggi.it\/website\/2022\/10\/31\/papa-nella-vita-non-e-mai-tutto-perduto\/","title":{"rendered":"Papa \u201cNella vita non \u00e8 mai tutto perduto\u201d"},"content":{"rendered":"<div>ROMA (ITALPRESS) &#8211; &#8220;Nella vita non \u00e8 mai tutto perduto. Per favore, mai tutto \u00e8 perduto, mai. Sempre possiamo fare spazio al desiderio di ricominciare, di ripartire, di convertirci&#8221;. Cos\u00ec Papa Francesco durante la recita dell&#8217;Angelus in piazza San Pietro. &#8220;Fratelli, sorelle, ricordiamoci questo: lo sguardo di Dio non si ferma mai al nostro passato pieno di errori, ma guarda con infinita fiducia a ci\u00f2 che possiamo diventare. E se a volte ci sentiamo persone di bassa statura, non all&#8217;altezza delle sfide della vita e tanto meno del Vangelo, impantanati nei problemi e nei peccati, Ges\u00f9 ci guarda sempre con amore. Ci viene incontro, ci chiama per nome e, se lo accogliamo, viene a casa nostra. Allora possiamo chiederci: come guardiamo a noi stessi? Ci sentiamo inadeguati e ci rassegniamo, oppure proprio l\u00ec, quando ci sentiamo gi\u00f9, cerchiamo l&#8217;incontro con Ges\u00f9?&#8221;, ha aggiunto.<br \/>&#8220;E poi: che sguardo abbiamo verso coloro che hanno sbagliato e faticano a rialzarsi dalla polvere dei loro errori? E&#8217; uno sguardo dall&#8217;alto, che giudica, disprezza, che esclude? Ricordiamoci che \u00e8 lecito guardare una persona dall&#8217;alto in basso soltanto per aiutarla a sollevarsi: niente di pi\u00f9. Soltanto in questo \u00e8 lecito guardare dall&#8217;alto in basso. Ma noi cristiani dobbiamo avere lo sguardo di Cristo, che abbraccia dal basso, che cerca chi \u00e8 perduto, con compassione. Questo \u00e8, e dev&#8217;essere, lo sguardo della Chiesa, sempre, lo sguardo di Cristo, non lo sguardo condannatore&#8221;, ha concluso il Santo Padre.<br \/>(ITALPRESS).<br \/>-foto agenziafotogramma.it-<\/div>\n<div id=\"div-gpt-ad-Messinaoggi.it-DSK-300x250-corpoart\" style=\"text-align:center;margin:0 auto;\"><\/div><\/p><div id=\"videoincontent\" style=\"clear:both\";><\/div>","protected":false},"excerpt":{"rendered":"<p>ROMA (ITALPRESS) &#8211; &#8220;Nella vita non \u00e8 mai tutto perduto. Per favore, mai tutto \u00e8 perduto, mai. Sempre possiamo fare spazio al desiderio di ricominciare, di ripartire, di convertirci&#8221;. Cos\u00ec Papa Francesco durante la recita dell&#8217;Angelus in piazza San Pietro. &#8220;Fratelli, sorelle, ricordiamoci questo: lo sguardo di Dio non si ferma mai al nostro passato [&hellip;]<\/p>\n","protected":false},"author":18,"featured_media":127841,"comment_status":"closed","ping_status":"closed","sticky":false,"template":"","format":"standard","meta":{"ub_ctt_via":"","_mi_skip_tracking":false},"categories":[446,6],"tags":[783],"featured_image_src":"https:\/\/www.messinaoggi.it\/website\/wp-content\/uploads\/2022\/10\/20221030_0263.jpg","author_info":{"display_name":"Admin","author_link":"https:\/\/www.messinaoggi.it\/website\/author\/admin\/"},"digistream_id":0,"digistream":false,"_links":{"self":[{"href":"https:\/\/www.messinaoggi.it\/website\/wp-json\/wp\/v2\/posts\/127840"}],"collection":[{"href":"https:\/\/www.messinaoggi.it\/website\/wp-json\/wp\/v2\/posts"}],"about":[{"href":"https:\/\/www.messinaoggi.it\/website\/wp-json\/wp\/v2\/types\/post"}],"author":[{"embeddable":true,"href":"https:\/\/www.messinaoggi.it\/website\/wp-json\/wp\/v2\/users\/18"}],"replies":[{"embeddable":true,"href":"https:\/\/www.messinaoggi.it\/website\/wp-json\/wp\/v2\/comments?post=127840"}],"version-history":[{"count":1,"href":"https:\/\/www.messinaoggi.it\/website\/wp-json\/wp\/v2\/posts\/127840\/revisions"}],"predecessor-version":[{"id":127878,"href":"https:\/\/www.messinaoggi.it\/website\/wp-json\/wp\/v2\/posts\/127840\/revisions\/127878"}],"wp:featuredmedia":[{"embeddable":true,"href":"https:\/\/www.messinaoggi.it\/website\/wp-json\/wp\/v2\/media\/127841"}],"wp:attachment":[{"href":"https:\/\/www.messinaoggi.it\/website\/wp-json\/wp\/v2\/media?parent=127840"}],"wp:term":[{"taxonomy":"category","embeddable":true,"href":"https:\/\/www.messinaoggi.it\/website\/wp-json\/wp\/v2\/categories?post=127840"},{"taxonomy":"post_tag","embeddable":true,"href":"https:\/\/www.messinaoggi.it\/website\/wp-json\/wp\/v2\/tags?post=127840"}],"curies":[{"name":"wp","href":"https:\/\/api.w.org\/{rel}","templated":true}]}}