{"id":127834,"date":"2022-10-30T11:07:55","date_gmt":"2022-10-30T10:07:55","guid":{"rendered":"https:\/\/www.messinaoggi.it\/website\/2022\/10\/30\/governo-meloni-renderemo-ancora-piu-forti-i-rapporti-con-gli-usa\/"},"modified":"2022-10-30T11:07:55","modified_gmt":"2022-10-30T10:07:55","slug":"governo-meloni-renderemo-ancora-piu-forti-i-rapporti-con-gli-usa","status":"publish","type":"post","link":"https:\/\/www.messinaoggi.it\/website\/2022\/10\/30\/governo-meloni-renderemo-ancora-piu-forti-i-rapporti-con-gli-usa\/","title":{"rendered":"Governo, Meloni \u201cRenderemo ancora pi\u00f9 forti i rapporti con gli Usa\u201d"},"content":{"rendered":"<div>ROMA (ITALPRESS) &#8211; &#8220;Contiamo sulla vostra amicizia e conoscenza per aiutarci a promuovere legami pi\u00f9 stretti negli anni a venire. Grazie per aver custodito la vostra eredit\u00e0 italiana e per averla portata con voi con cos\u00ec tanto orgoglio. Vi assicuro che questo governo far\u00e0 del suo meglio per rendere ancora pi\u00f9 forti i rapporti con gli Stati Uniti&#8221;. Cos\u00ec il presidente del Consiglio, Giorgia Meloni, in un video-messaggio di saluto inviato al National Italian American Foundation. &#8220;Solo lavorando insieme possiamo avere successo nell&#8217;affrontare le tante sfide che ci attendono. Gli italiani che hanno attraversato l&#8217;Atlantico negli ultimi due secoli &#8211; ha detto Meloni &#8211; hanno fortemente contribuito allo sviluppo, alla prosperit\u00e0 e alla forza degli Stati Uniti, come ha riconosciuto il presidente Biden nella sua proclamazione del Columbus Day. Hanno lavorato ogni giorno per costruire un ponte tra l&#8217;America e l&#8217;Italia: fatto di valori comuni &#8211; libert\u00e0, uguaglianza e democrazia &#8211; un&#8217;alleanza incrollabile, una partnership strategica e una vera e profonda amicizia. Siete grandi ambasciatori del nostro Paese. Contiamo sulla tua amicizia e conoscenza per aiutarci a promuovere legami pi\u00f9 stretti negli anni a venire&#8221;, ha concluso il premier.<br \/>(ITALPRESS).<br \/>-foto Palazzo Chigi-<\/div>\n<div id=\"div-gpt-ad-Messinaoggi.it-DSK-300x250-corpoart\" style=\"text-align:center;margin:0 auto;\"><\/div><\/p><div id=\"videoincontent\" style=\"clear:both\";><\/div>","protected":false},"excerpt":{"rendered":"<p>ROMA (ITALPRESS) &#8211; &#8220;Contiamo sulla vostra amicizia e conoscenza per aiutarci a promuovere legami pi\u00f9 stretti negli anni a venire. Grazie per aver custodito la vostra eredit\u00e0 italiana e per averla portata con voi con cos\u00ec tanto orgoglio. Vi assicuro che questo governo far\u00e0 del suo meglio per rendere ancora pi\u00f9 forti i rapporti con [&hellip;]<\/p>\n","protected":false},"author":18,"featured_media":127835,"comment_status":"closed","ping_status":"closed","sticky":false,"template":"","format":"standard","meta":{"ub_ctt_via":"","_mi_skip_tracking":false},"categories":[446],"tags":[783],"featured_image_src":"https:\/\/www.messinaoggi.it\/website\/wp-content\/uploads\/2022\/10\/20221030_0171.jpg","author_info":{"display_name":"Admin","author_link":"https:\/\/www.messinaoggi.it\/website\/author\/admin\/"},"digistream_id":0,"digistream":false,"_links":{"self":[{"href":"https:\/\/www.messinaoggi.it\/website\/wp-json\/wp\/v2\/posts\/127834"}],"collection":[{"href":"https:\/\/www.messinaoggi.it\/website\/wp-json\/wp\/v2\/posts"}],"about":[{"href":"https:\/\/www.messinaoggi.it\/website\/wp-json\/wp\/v2\/types\/post"}],"author":[{"embeddable":true,"href":"https:\/\/www.messinaoggi.it\/website\/wp-json\/wp\/v2\/users\/18"}],"replies":[{"embeddable":true,"href":"https:\/\/www.messinaoggi.it\/website\/wp-json\/wp\/v2\/comments?post=127834"}],"version-history":[{"count":0,"href":"https:\/\/www.messinaoggi.it\/website\/wp-json\/wp\/v2\/posts\/127834\/revisions"}],"wp:featuredmedia":[{"embeddable":true,"href":"https:\/\/www.messinaoggi.it\/website\/wp-json\/wp\/v2\/media\/127835"}],"wp:attachment":[{"href":"https:\/\/www.messinaoggi.it\/website\/wp-json\/wp\/v2\/media?parent=127834"}],"wp:term":[{"taxonomy":"category","embeddable":true,"href":"https:\/\/www.messinaoggi.it\/website\/wp-json\/wp\/v2\/categories?post=127834"},{"taxonomy":"post_tag","embeddable":true,"href":"https:\/\/www.messinaoggi.it\/website\/wp-json\/wp\/v2\/tags?post=127834"}],"curies":[{"name":"wp","href":"https:\/\/api.w.org\/{rel}","templated":true}]}}