{"id":127775,"date":"2022-10-29T12:47:53","date_gmt":"2022-10-29T10:47:53","guid":{"rendered":"https:\/\/www.messinaoggi.it\/website\/2022\/10\/29\/alluniversita-di-palermo-lancio-del-tocco-per-i-neolaureati-magistrali\/"},"modified":"2022-10-29T12:47:53","modified_gmt":"2022-10-29T10:47:53","slug":"alluniversita-di-palermo-lancio-del-tocco-per-i-neolaureati-magistrali","status":"publish","type":"post","link":"https:\/\/www.messinaoggi.it\/website\/2022\/10\/29\/alluniversita-di-palermo-lancio-del-tocco-per-i-neolaureati-magistrali\/","title":{"rendered":"ALL\u2019Universit\u00e0 di Palermo lancio del tocco per i neolaureati magistrali"},"content":{"rendered":"<div>\n<p>PALERMO (ITALPRESS) \u2013 Si chiude la porta dell\u2019Universit\u00e0, si apre il portone del mondo del lavoro. Un momento che gli studenti neolaureati hanno festeggiato con il tradizionale Graduation day, svoltosi nel campus di viale delle Scienze e suggellato, sul modello americano, dal lancio collettivo del tocco.<br \/>All\u2019evento hanno preso parte 400 ragazzi circa, laureati nelle sessioni di luglio e ottobre. A distinguere i corsi di studio sono i colori del cordoncino del tocco: azzurro per Scienze giuridiche ed economico-sociali, viola per l\u2019Area del sapere politecnico, arancione per Scienze umane e del patrimonio culturale, rossi per Medicina e chirurgia e verdi per Scienze di base applicata. Tra le autorit\u00e0 presenti il rettore Massimo Midiri e il sindaco, nonch\u00e8 ex numero uno dell\u2019Universit\u00e0 dal 2008 al 2015, Roberto Lagalla.<br \/>Un percorso accademico, quello dei ragazzi, inevitabilmente condizionato dalle restrizioni legate al Covid e concluso con una festa collettiva, che includendo anche le loro famiglie e i rappresentanti istituzionali ha coinvolto all\u2019incirca un migliaio di persone. Per l\u2019ateneo palermitano invece un\u2019occasione per chiudere al meglio un 2022 che lo vede, secondo il Censis, al primo posto tra le universit\u00e0 del sud Italia e al settimo complessivo tra quelle nazionali.<br \/>\u201cIl Graduation day rimarca fortemente il nostro senso di appartenenza: oltre a fornire conoscenze e competenze abbiamo formato cittadini con profondo senso di responsabilit\u00e0, in un ambiente sereno che fornisce una preparazione di alto livello\u201d, sottolinea Midiri, che poi si rivolge ai ragazzi: \u201cPer voi \u00e8 finito un ciclo ma se ne apre un altro, al quale arrivate carichi di aspettative e speranze e con basi accademiche e psicologiche pi\u00f9 solide: avete i migliori strumenti per affrontare il futuro con maestria e per diffondere nel mondo il nostro modo di essere\u201d.<br \/>Lagalla rilancia l\u2019auspicio che nel futuro dei ragazzi ci siano ancora Palermo e la Sicilia, ma sottolinea come ci\u00f2 dipenda non solo dalla volont\u00e0 dei singoli ma anche dalla collaborazione tra istituzioni: \u201cSe vogliamo che la classe dirigente del futuro rimanga nella nostra terra bisogna fornire tutti gli strumenti necessari per trattenerli, con un intervento congiunto di Stato, Regione, Comune e Universit\u00e0 \u2013 afferma il primo cittadino, \u2013 Il potenziale di base \u00e8 importante, ma va implementato migliorando tanto l\u2019offerta didattica quanto l\u2019attrattivit\u00e0 della citt\u00e0. So bene che nelle altre regioni d\u2019Italia l\u2019assorbimento di forza lavoro \u00e8 pi\u00f9 ricco e generoso, per questo dobbiamo tutti contribuire a far crescere questa citt\u00e0 nel segno della cultura e dell\u2019innovazione: la digitalizzazione oggi ci consente di mettere in pratica il cosiddetto southworking, cio\u00e8 di lavorare al sud facendo riferimento a imprese del nord\u201d. <div id=\"div-gpt-ad-Messinaoggi.it-DSK-300x250-corpoart\" style=\"text-align:center;margin:0 auto;\"><\/div><\/p>\n<p>\u2013 foto: xd8\/Italpress <div id=\"videoincontent\" style=\"clear:both\";><\/div><\/p>\n<p>(ITALPRESS)<\/p>\n<\/div>\n","protected":false},"excerpt":{"rendered":"<p>PALERMO (ITALPRESS) \u2013 Si chiude la porta dell\u2019Universit\u00e0, si apre il portone del mondo del lavoro. Un momento che gli studenti neolaureati hanno festeggiato con il tradizionale Graduation day, svoltosi nel campus di viale delle Scienze e suggellato, sul modello americano, dal lancio collettivo del tocco.All\u2019evento hanno preso parte 400 ragazzi circa, laureati nelle sessioni [&hellip;]<\/p>\n","protected":false},"author":18,"featured_media":127776,"comment_status":"closed","ping_status":"closed","sticky":false,"template":"","format":"standard","meta":{"ub_ctt_via":"","_mi_skip_tracking":false},"categories":[2449],"tags":[783],"featured_image_src":"https:\/\/www.messinaoggi.it\/website\/wp-content\/uploads\/2022\/10\/20221029_0815.jpg","author_info":{"display_name":"Admin","author_link":"https:\/\/www.messinaoggi.it\/website\/author\/admin\/"},"digistream_id":0,"digistream":false,"_links":{"self":[{"href":"https:\/\/www.messinaoggi.it\/website\/wp-json\/wp\/v2\/posts\/127775"}],"collection":[{"href":"https:\/\/www.messinaoggi.it\/website\/wp-json\/wp\/v2\/posts"}],"about":[{"href":"https:\/\/www.messinaoggi.it\/website\/wp-json\/wp\/v2\/types\/post"}],"author":[{"embeddable":true,"href":"https:\/\/www.messinaoggi.it\/website\/wp-json\/wp\/v2\/users\/18"}],"replies":[{"embeddable":true,"href":"https:\/\/www.messinaoggi.it\/website\/wp-json\/wp\/v2\/comments?post=127775"}],"version-history":[{"count":0,"href":"https:\/\/www.messinaoggi.it\/website\/wp-json\/wp\/v2\/posts\/127775\/revisions"}],"wp:featuredmedia":[{"embeddable":true,"href":"https:\/\/www.messinaoggi.it\/website\/wp-json\/wp\/v2\/media\/127776"}],"wp:attachment":[{"href":"https:\/\/www.messinaoggi.it\/website\/wp-json\/wp\/v2\/media?parent=127775"}],"wp:term":[{"taxonomy":"category","embeddable":true,"href":"https:\/\/www.messinaoggi.it\/website\/wp-json\/wp\/v2\/categories?post=127775"},{"taxonomy":"post_tag","embeddable":true,"href":"https:\/\/www.messinaoggi.it\/website\/wp-json\/wp\/v2\/tags?post=127775"}],"curies":[{"name":"wp","href":"https:\/\/api.w.org\/{rel}","templated":true}]}}