{"id":127765,"date":"2022-10-29T12:07:51","date_gmt":"2022-10-29T10:07:51","guid":{"rendered":"https:\/\/www.messinaoggi.it\/website\/2022\/10\/29\/ministero-difesa-nessun-conflitto-dinteressi-per-crosetto\/"},"modified":"2022-10-29T12:07:51","modified_gmt":"2022-10-29T10:07:51","slug":"ministero-difesa-nessun-conflitto-dinteressi-per-crosetto","status":"publish","type":"post","link":"https:\/\/www.messinaoggi.it\/website\/2022\/10\/29\/ministero-difesa-nessun-conflitto-dinteressi-per-crosetto\/","title":{"rendered":"Ministero Difesa \u201cNessun conflitto d\u2019interessi per Crosetto\u201d"},"content":{"rendered":"<div>ROMA (ITALPRESS) &#8211; In merito all&#8217;ipotizzato conflitto di interessi fra l&#8217;incarico del ministro Guido Crosetto e le sue precedenti funzioni di presidente dell&#8217;Aiad, oggetto di recenti trasmissioni televisive e articoli di stampa, il Ministero della Difesa sottolinea in una nota che &#8220;non si ravvisa sul piano tecnico-giuridico alcuna ipotesi di conflitto di interessi o di incompatibilit\u00e0. Infatti, per espressa previsione di legge, anche eventuali situazioni di conflitto antecedenti all&#8217;assunzione della carica non assumono alcun rilievo in quanto cessate all&#8217;atto dell&#8217;assunzione della carica stessa. Nessuno status di incompatibilit\u00e0 o di conflitto di interessi \u00e8 giuridicamente ipotizzabile nel momento in cui il Ministro non ha pi\u00f9 cariche, propriet\u00e0 aziendali o patrimoni personali che in qualsiasi modo possano entrare in rapporto con le attivit\u00e0 di Ministero della Difesa &#8211; prosegue la nota -. Peraltro, il Ministro della difesa non partecipa in alcun caso all&#8217;adozione di atti idonei ad incidere sul suo patrimonio o su quello del coniuge o dei parenti, in quanto del tutto privo di poteri e funzioni negoziali. Nel pregresso incarico di presidente di AIAD, per la natura dei settori industriali rappresentati, di chiaro interesse strategico nazionale, l&#8217;attuale Ministro ha perseguito obiettivi del tutto convergenti con quelli pubblici, rafforzando le capacit\u00e0 delle imprese e la conseguente competitivit\u00e0 internazionale mediante la promozione dell&#8217;industria italiana della Difesa all&#8217;estero&#8221;.<br \/>Infine, il Ministero della Difesa &#8220;non ha mai detenuto n\u00e8 detiene alcuna partecipazione nei gruppi industriali di riferimento. Ad ogni buon conto sar\u00e0 cura della Difesa trasmettere le dichiarazione sull&#8217;insussistenza di situazioni di conflitto previste dall&#8217;articolo 5 della legge 215 del 2004, confermando che non sussistono nella fattispecie motivi di inconferibilit\u00e0 o incompatibilit\u00e0&#8221;.<div id=\"div-gpt-ad-Messinaoggi.it-DSK-300x250-corpoart\" style=\"text-align:center;margin:0 auto;\"><\/div><\/p>\n<p>&#8211; foto Agenziafotogramma.it &#8211;<div id=\"videoincontent\" style=\"clear:both\";><\/div><\/p>\n<p>(ITALPRESS).<\/p><\/div>\n","protected":false},"excerpt":{"rendered":"<p>ROMA (ITALPRESS) &#8211; In merito all&#8217;ipotizzato conflitto di interessi fra l&#8217;incarico del ministro Guido Crosetto e le sue precedenti funzioni di presidente dell&#8217;Aiad, oggetto di recenti trasmissioni televisive e articoli di stampa, il Ministero della Difesa sottolinea in una nota che &#8220;non si ravvisa sul piano tecnico-giuridico alcuna ipotesi di conflitto di interessi o di [&hellip;]<\/p>\n","protected":false},"author":18,"featured_media":127766,"comment_status":"closed","ping_status":"closed","sticky":false,"template":"","format":"standard","meta":{"ub_ctt_via":"","_mi_skip_tracking":false},"categories":[446],"tags":[783],"featured_image_src":"https:\/\/www.messinaoggi.it\/website\/wp-content\/uploads\/2022\/10\/20221029_0516.jpg","author_info":{"display_name":"Admin","author_link":"https:\/\/www.messinaoggi.it\/website\/author\/admin\/"},"digistream_id":0,"digistream":false,"_links":{"self":[{"href":"https:\/\/www.messinaoggi.it\/website\/wp-json\/wp\/v2\/posts\/127765"}],"collection":[{"href":"https:\/\/www.messinaoggi.it\/website\/wp-json\/wp\/v2\/posts"}],"about":[{"href":"https:\/\/www.messinaoggi.it\/website\/wp-json\/wp\/v2\/types\/post"}],"author":[{"embeddable":true,"href":"https:\/\/www.messinaoggi.it\/website\/wp-json\/wp\/v2\/users\/18"}],"replies":[{"embeddable":true,"href":"https:\/\/www.messinaoggi.it\/website\/wp-json\/wp\/v2\/comments?post=127765"}],"version-history":[{"count":0,"href":"https:\/\/www.messinaoggi.it\/website\/wp-json\/wp\/v2\/posts\/127765\/revisions"}],"wp:featuredmedia":[{"embeddable":true,"href":"https:\/\/www.messinaoggi.it\/website\/wp-json\/wp\/v2\/media\/127766"}],"wp:attachment":[{"href":"https:\/\/www.messinaoggi.it\/website\/wp-json\/wp\/v2\/media?parent=127765"}],"wp:term":[{"taxonomy":"category","embeddable":true,"href":"https:\/\/www.messinaoggi.it\/website\/wp-json\/wp\/v2\/categories?post=127765"},{"taxonomy":"post_tag","embeddable":true,"href":"https:\/\/www.messinaoggi.it\/website\/wp-json\/wp\/v2\/tags?post=127765"}],"curies":[{"name":"wp","href":"https:\/\/api.w.org\/{rel}","templated":true}]}}