{"id":127692,"date":"2022-10-28T17:07:52","date_gmt":"2022-10-28T15:07:52","guid":{"rendered":"https:\/\/www.messinaoggi.it\/website\/2022\/10\/28\/ponte-sullo-stretto-salvini-ce-gia-unipotesi-di-costo-e-tempistica\/"},"modified":"2022-10-28T17:39:31","modified_gmt":"2022-10-28T15:39:31","slug":"ponte-sullo-stretto-salvini-ce-gia-unipotesi-di-costo-e-tempistica","status":"publish","type":"post","link":"https:\/\/www.messinaoggi.it\/website\/2022\/10\/28\/ponte-sullo-stretto-salvini-ce-gia-unipotesi-di-costo-e-tempistica\/","title":{"rendered":"Ponte sullo Stretto, Salvini \u201cC\u2019\u00e8 gi\u00e0 un\u2019ipotesi di costo e tempistica\u201d"},"content":{"rendered":"<div>ROMA (ITALPRESS) &#8211; &#8220;Ho gi\u00e0 fatto la prima riunione operativa con ingegneri ed esperti. C&#8217;\u00e8 gi\u00e0 un&#8217;ipotesi di costo e di tempistica. Abbiamo a che fare con una societ\u00e0 in liquidazione dal 2013, ma un progetto c&#8217;\u00e8, conto che nei prossimi mesi dopo 50 anni di attesa ci sar\u00e0 una parola certa&#8221;. Lo ha detto il vicepremier e ministro delle Infrastrutture e della Mobilit\u00e0 Sostenibili, Matteo Salvini, in videocollegamento con il 66\u00b0 Congresso nazionale degli Ordini degli Ingegneri d&#8217;Italia, parlando del Ponte sullo Stretto.<br \/>&#8220;Per me sar\u00e0 un impegno e un orgoglio arrivare finalmente alla definizione del progetto e all&#8217;avvio dei lavori di qualcosa che porter\u00e0 il nome dell&#8217;ingegneria italiana in tutto il mondo&#8221;, ha aggiunto.<div id=\"div-gpt-ad-Messinaoggi.it-DSK-300x250-corpoart\" style=\"text-align:center;margin:0 auto;\"><\/div><\/p>\n<p>&#8211; foto Agenziafotogramma.it &#8211;<div id=\"videoincontent\" style=\"clear:both\";><\/div><\/p>\n<p>(ITALPRESS).<\/p><\/div>\n","protected":false},"excerpt":{"rendered":"<p>ROMA (ITALPRESS) &#8211; &#8220;Ho gi\u00e0 fatto la prima riunione operativa con ingegneri ed esperti. C&#8217;\u00e8 gi\u00e0 un&#8217;ipotesi di costo e di tempistica. Abbiamo a che fare con una societ\u00e0 in liquidazione dal 2013, ma un progetto c&#8217;\u00e8, conto che nei prossimi mesi dopo 50 anni di attesa ci sar\u00e0 una parola certa&#8221;. Lo ha detto [&hellip;]<\/p>\n","protected":false},"author":18,"featured_media":127693,"comment_status":"closed","ping_status":"closed","sticky":false,"template":"","format":"standard","meta":{"ub_ctt_via":"","_mi_skip_tracking":false},"categories":[19,446],"tags":[783],"featured_image_src":"https:\/\/www.messinaoggi.it\/website\/wp-content\/uploads\/2022\/10\/20221028_1711.jpg","author_info":{"display_name":"Admin","author_link":"https:\/\/www.messinaoggi.it\/website\/author\/admin\/"},"digistream_id":0,"digistream":false,"_links":{"self":[{"href":"https:\/\/www.messinaoggi.it\/website\/wp-json\/wp\/v2\/posts\/127692"}],"collection":[{"href":"https:\/\/www.messinaoggi.it\/website\/wp-json\/wp\/v2\/posts"}],"about":[{"href":"https:\/\/www.messinaoggi.it\/website\/wp-json\/wp\/v2\/types\/post"}],"author":[{"embeddable":true,"href":"https:\/\/www.messinaoggi.it\/website\/wp-json\/wp\/v2\/users\/18"}],"replies":[{"embeddable":true,"href":"https:\/\/www.messinaoggi.it\/website\/wp-json\/wp\/v2\/comments?post=127692"}],"version-history":[{"count":1,"href":"https:\/\/www.messinaoggi.it\/website\/wp-json\/wp\/v2\/posts\/127692\/revisions"}],"predecessor-version":[{"id":127705,"href":"https:\/\/www.messinaoggi.it\/website\/wp-json\/wp\/v2\/posts\/127692\/revisions\/127705"}],"wp:featuredmedia":[{"embeddable":true,"href":"https:\/\/www.messinaoggi.it\/website\/wp-json\/wp\/v2\/media\/127693"}],"wp:attachment":[{"href":"https:\/\/www.messinaoggi.it\/website\/wp-json\/wp\/v2\/media?parent=127692"}],"wp:term":[{"taxonomy":"category","embeddable":true,"href":"https:\/\/www.messinaoggi.it\/website\/wp-json\/wp\/v2\/categories?post=127692"},{"taxonomy":"post_tag","embeddable":true,"href":"https:\/\/www.messinaoggi.it\/website\/wp-json\/wp\/v2\/tags?post=127692"}],"curies":[{"name":"wp","href":"https:\/\/api.w.org\/{rel}","templated":true}]}}