{"id":127686,"date":"2022-10-28T16:07:52","date_gmt":"2022-10-28T14:07:52","guid":{"rendered":"https:\/\/www.messinaoggi.it\/website\/2022\/10\/28\/profumo-pianificare-un-nuovo-modello-di-sostenibilita\/"},"modified":"2022-10-28T16:07:52","modified_gmt":"2022-10-28T14:07:52","slug":"profumo-pianificare-un-nuovo-modello-di-sostenibilita","status":"publish","type":"post","link":"https:\/\/www.messinaoggi.it\/website\/2022\/10\/28\/profumo-pianificare-un-nuovo-modello-di-sostenibilita\/","title":{"rendered":"Profumo \u201cPianificare un nuovo modello di sostenibilit\u00e0\u201d"},"content":{"rendered":"<div>MILANO (ITALPRESS) &#8211; &#8220;Gli ultimi sono parte del nostro &#8220;core business&#8221;, perch\u00e8 la Compagnia \u00e8 un soggetto che vive con la citt\u00e0, con le periferie, e ha le antenne per capire quali sono i bisogni, e in base ai bisogni progetta le iniziative utili&#8221;. Cos\u00ec Francesco Profumo, presidente di Acri e Fondazione Compagnia di San Paolo, in un&#8217;intervista a Claudio Brachino per il magazine televisivo Italpress \u0080conomy. &#8220;Ci sono due temi principali che rendono le persone parte della vita delle citt\u00e0: la casa e il lavoro&#8221;, ha detto l&#8217;ex ministro dell&#8217;Istruzione del governo Monti, spiegando che negli anni &#8220;sono cresciute tutte quelle attivit\u00e0 che noi chiamiamo di housing sociale, dove c&#8217;\u00e8 la possibilit\u00e0 per le persone che hanno delle condizioni particolari di poter vivere in un complesso in cui una parte della loro vita \u00e8 una parte privata, ma ci sono servizi che son messi in comune. E&#8217; una cosa bellissima, e penso diventer\u00e0 sempre rilevante nella rigenerazione delle nostre citt\u00e0. Le citt\u00e0 se non hanno questi strumenti per far vivere insieme le persone, il vero rischio \u00e8 che si impoveriscano proprio nel sistema di relazioni&#8221;.<br \/>&#8220;Dall&#8217;altra parte &#8211; ha continuato Profumo &#8211; c&#8217;\u00e8 il tema del lavoro. E qui dobbiamo partire dalla considerazione che siamo tutti diversi, non tutti abbiamo le stesse possibilit\u00e0 e capacit\u00e0 di fare qualsiasi tipo di lavoro. E quindi \u00e8 necessario aiutare, accompagnare le persone perch\u00e8 ciascuno in relazione a quello che pu\u00f2 tragga il suo meglio. Noi, in questo momento &#8211; ha aggiunto il presidente della Compagnia San Paolo -, abbiamo un grandissimo interesse a intervenire su quelle fasce pi\u00f9 fragili, pensiamo ai Neet, che sono persone che non studiano, non lavorano, non hanno una loro socialit\u00e0. Sono difficili da individuare e integrare. Io credo che il nostro Paese abbia bisogno di investire molto su queste persone, e farlo con grande professionalit\u00e0, dove c&#8217;\u00e8 prima un tema psicologico, un tema di relazioni tra persone, un tema di umanit\u00e0. Poi c&#8217;\u00e8 la parte formativa che ne consegue. Per\u00f2 bisogna intervenire insieme a questi due elementi, altrimenti si rischia di fare ulteriori disastri&#8221;.<br \/>Passando al tema della crisi, economica e geopolitica, Profumo ha spiegato: &#8220;Dal punto di vista geopolitico c&#8217;\u00e8 un tema a monte, ovvero che negli ultimi anni non abbiamo mai valutato i rischi che c&#8217;erano nel momento in cui esistevano delle filiere lunghe, sia per l&#8217;energia che per le materie prime. Nel momento in cui queste filiere si sono interrotte, ecco che siamo entrati nelle difficolt\u00e0. Allora un soggetto come una Fondazione pu\u00f2 fare due cose: un intervento emergenziale, nell&#8217;aiutare le persone a pagare le bollette, e lavorare, sempre sul lungo termine, nel rivedere la modalit\u00e0 con cui si gestisce il rapporto tra energia, consumatore, produttore. Da questo concetto nasce d&#8217;altronde l&#8217;idea delle comunit\u00e0 energetiche&#8221;.<br \/>&#8220;Da una parte abbiamo un tema di emergenze, dall&#8217;altra parte dobbiamo pianificare nel medio e nel lungo termine il nuovo modello di sostenibilit\u00e0 dell&#8217;energia in questo mondo che \u00e8 stato stravolto da qualcosa che forse non avevamo valutato abbastanza&#8221;, ha concluso Profumo.<div id=\"div-gpt-ad-Messinaoggi.it-DSK-300x250-corpoart\" style=\"text-align:center;margin:0 auto;\"><\/div><\/p>\n<p>&#8211; foto Italpress &#8211;<div id=\"videoincontent\" style=\"clear:both\";><\/div><\/p>\n<p>(ITALPRESS).<\/p><\/div>\n","protected":false},"excerpt":{"rendered":"<p>MILANO (ITALPRESS) &#8211; &#8220;Gli ultimi sono parte del nostro &#8220;core business&#8221;, perch\u00e8 la Compagnia \u00e8 un soggetto che vive con la citt\u00e0, con le periferie, e ha le antenne per capire quali sono i bisogni, e in base ai bisogni progetta le iniziative utili&#8221;. Cos\u00ec Francesco Profumo, presidente di Acri e Fondazione Compagnia di San [&hellip;]<\/p>\n","protected":false},"author":18,"featured_media":127687,"comment_status":"closed","ping_status":"closed","sticky":false,"template":"","format":"standard","meta":{"ub_ctt_via":"","_mi_skip_tracking":false},"categories":[446],"tags":[783],"featured_image_src":"https:\/\/www.messinaoggi.it\/website\/wp-content\/uploads\/2022\/10\/20221028_1555.jpg","author_info":{"display_name":"Admin","author_link":"https:\/\/www.messinaoggi.it\/website\/author\/admin\/"},"digistream_id":0,"digistream":false,"_links":{"self":[{"href":"https:\/\/www.messinaoggi.it\/website\/wp-json\/wp\/v2\/posts\/127686"}],"collection":[{"href":"https:\/\/www.messinaoggi.it\/website\/wp-json\/wp\/v2\/posts"}],"about":[{"href":"https:\/\/www.messinaoggi.it\/website\/wp-json\/wp\/v2\/types\/post"}],"author":[{"embeddable":true,"href":"https:\/\/www.messinaoggi.it\/website\/wp-json\/wp\/v2\/users\/18"}],"replies":[{"embeddable":true,"href":"https:\/\/www.messinaoggi.it\/website\/wp-json\/wp\/v2\/comments?post=127686"}],"version-history":[{"count":0,"href":"https:\/\/www.messinaoggi.it\/website\/wp-json\/wp\/v2\/posts\/127686\/revisions"}],"wp:featuredmedia":[{"embeddable":true,"href":"https:\/\/www.messinaoggi.it\/website\/wp-json\/wp\/v2\/media\/127687"}],"wp:attachment":[{"href":"https:\/\/www.messinaoggi.it\/website\/wp-json\/wp\/v2\/media?parent=127686"}],"wp:term":[{"taxonomy":"category","embeddable":true,"href":"https:\/\/www.messinaoggi.it\/website\/wp-json\/wp\/v2\/categories?post=127686"},{"taxonomy":"post_tag","embeddable":true,"href":"https:\/\/www.messinaoggi.it\/website\/wp-json\/wp\/v2\/tags?post=127686"}],"curies":[{"name":"wp","href":"https:\/\/api.w.org\/{rel}","templated":true}]}}