{"id":127682,"date":"2022-10-28T15:07:51","date_gmt":"2022-10-28T13:07:51","guid":{"rendered":"https:\/\/www.messinaoggi.it\/website\/2022\/10\/28\/il-bollettino-dei-dati-covid-diventa-settimanale\/"},"modified":"2022-10-28T15:07:51","modified_gmt":"2022-10-28T13:07:51","slug":"il-bollettino-dei-dati-covid-diventa-settimanale","status":"publish","type":"post","link":"https:\/\/www.messinaoggi.it\/website\/2022\/10\/28\/il-bollettino-dei-dati-covid-diventa-settimanale\/","title":{"rendered":"Il bollettino dei dati Covid diventa settimanale"},"content":{"rendered":"<div>ROMA (ITALPRESS) &#8211; Il Ministro della Salute Orazio Schillaci, a sei mesi dalla sospensione dello stato d&#8217;emergenza e in considerazione dell&#8217;andamento del contagio da Covid-19, si legge in una nota, ritiene &#8220;opportuno avviare un progressivo ritorno alla normalit\u00e0 nelle attivit\u00e0 e nei comportamenti, ispirati a criteri di responsabilit\u00e0 e rispetto delle norme vigenti&#8221;.<br \/>Pertanto, anche in base alle indicazioni prevalenti in ambito medico e scientifico, &#8220;si proceder\u00e0 alla sospensione della pubblicazione giornaliera del bollettino dei dati relativi alla diffusione dell&#8217;epidemia, ai ricoveri e ai decessi, che sar\u00e0 ora reso noto con cadenza settimanale, fatta salva la possibilit\u00e0 per le autorit\u00e0 competenti di acquisire in qualsiasi momento le informazioni necessarie al controllo della situazione e all&#8217;adozione dei provvedimenti del caso&#8221;.<br \/>Per quanto riguarda il personale sanitario soggetto a procedimenti di sospensione per inadempienza all&#8217;obbligo vaccinale e l&#8217;annullamento delle multe previste dal dl 44\/21, in vista della scadenza al prossimo 31 dicembre delle disposizioni in vigore e della preoccupante carenza di personale medico e<br \/>sanitario segnalata dai responsabili delle strutture sanitarie e territoriali, \u00e8 in via di definizione un provvedimento che consentir\u00e0 il reintegro in servizio del suddetto personale prima del termine di scadenza della sospensione.<br \/>-foto agenziafotogramma.it-<br \/>(ITALPRESS).<\/div>\n<div id=\"div-gpt-ad-Messinaoggi.it-DSK-300x250-corpoart\" style=\"text-align:center;margin:0 auto;\"><\/div><\/p><div id=\"videoincontent\" style=\"clear:both\";><\/div>","protected":false},"excerpt":{"rendered":"<p>ROMA (ITALPRESS) &#8211; Il Ministro della Salute Orazio Schillaci, a sei mesi dalla sospensione dello stato d&#8217;emergenza e in considerazione dell&#8217;andamento del contagio da Covid-19, si legge in una nota, ritiene &#8220;opportuno avviare un progressivo ritorno alla normalit\u00e0 nelle attivit\u00e0 e nei comportamenti, ispirati a criteri di responsabilit\u00e0 e rispetto delle norme vigenti&#8221;.Pertanto, anche in [&hellip;]<\/p>\n","protected":false},"author":18,"featured_media":127683,"comment_status":"closed","ping_status":"closed","sticky":false,"template":"","format":"standard","meta":{"ub_ctt_via":"","_mi_skip_tracking":false},"categories":[446],"tags":[783],"featured_image_src":"https:\/\/www.messinaoggi.it\/website\/wp-content\/uploads\/2022\/10\/20221028_0992.jpg","author_info":{"display_name":"Admin","author_link":"https:\/\/www.messinaoggi.it\/website\/author\/admin\/"},"digistream_id":0,"digistream":false,"_links":{"self":[{"href":"https:\/\/www.messinaoggi.it\/website\/wp-json\/wp\/v2\/posts\/127682"}],"collection":[{"href":"https:\/\/www.messinaoggi.it\/website\/wp-json\/wp\/v2\/posts"}],"about":[{"href":"https:\/\/www.messinaoggi.it\/website\/wp-json\/wp\/v2\/types\/post"}],"author":[{"embeddable":true,"href":"https:\/\/www.messinaoggi.it\/website\/wp-json\/wp\/v2\/users\/18"}],"replies":[{"embeddable":true,"href":"https:\/\/www.messinaoggi.it\/website\/wp-json\/wp\/v2\/comments?post=127682"}],"version-history":[{"count":0,"href":"https:\/\/www.messinaoggi.it\/website\/wp-json\/wp\/v2\/posts\/127682\/revisions"}],"wp:featuredmedia":[{"embeddable":true,"href":"https:\/\/www.messinaoggi.it\/website\/wp-json\/wp\/v2\/media\/127683"}],"wp:attachment":[{"href":"https:\/\/www.messinaoggi.it\/website\/wp-json\/wp\/v2\/media?parent=127682"}],"wp:term":[{"taxonomy":"category","embeddable":true,"href":"https:\/\/www.messinaoggi.it\/website\/wp-json\/wp\/v2\/categories?post=127682"},{"taxonomy":"post_tag","embeddable":true,"href":"https:\/\/www.messinaoggi.it\/website\/wp-json\/wp\/v2\/tags?post=127682"}],"curies":[{"name":"wp","href":"https:\/\/api.w.org\/{rel}","templated":true}]}}