{"id":127659,"date":"2022-10-28T14:07:50","date_gmt":"2022-10-28T12:07:50","guid":{"rendered":"https:\/\/www.messinaoggi.it\/website\/2022\/10\/28\/mattarella-il-covid-non-e-ancora-sconfitto-serve-responsabilita\/"},"modified":"2022-10-28T14:07:50","modified_gmt":"2022-10-28T12:07:50","slug":"mattarella-il-covid-non-e-ancora-sconfitto-serve-responsabilita","status":"publish","type":"post","link":"https:\/\/www.messinaoggi.it\/website\/2022\/10\/28\/mattarella-il-covid-non-e-ancora-sconfitto-serve-responsabilita\/","title":{"rendered":"Mattarella \u201cIl Covid non \u00e8 ancora sconfitto, serve responsabilit\u00e0\u201d"},"content":{"rendered":"<div>ROMA (ITALPRESS) &#8211; Il Covid non \u00e8 ancora sconfitto, serve responsabilit\u00e0. E&#8217; il monito del capo dello Stato, Sergio Mattarella, durante la cerimonia di celebrazione dei &#8220;Giorni della Ricerca&#8221; al Quirinale, alla presenza, tra gli altri, del premier Giorgia Meloni.<br \/>Una giornata per ricordare l&#8217;importanza della ricerca, della scienza e per ringraziare chi ogni giorno si dedica alle cure dei pazienti oncologici. &#8220;Sono lieto di accogliervi nuovamente al Quirinale, perch\u00e8 i Giorni della Ricerca costituiscono un appuntamento importante. Non riguardano una piccola comunit\u00e0 di specialisti, ma l&#8217;intera nostra societ\u00e0. Ci rammentano un impegno, una responsabilit\u00e0 comune e, insieme, gli straordinari progressi raggiunti in pochi decenni nella cura dei tumori, nella qualit\u00e0 della vita dei malati, nelle loro accresciute aspettative di futuro&#8221;, ha detto il presidente della Repubblica.<br \/>&#8220;Quando i fondatori e i pionieri dell&#8217;Associazione italiana per la Ricerca sul cancro intrapresero il loro cammino &#8211; ha aggiunto -, ormai pi\u00f9 di mezzo secolo fa, enunciarono un obiettivo che allora sembrava a taluno utopistico: sconfiggere quella &#8220;malattia del secolo&#8221; che si mostrava invincibile, che veniva definita incurabile, che dispensava inesorabili sofferenze e morte. Come la realt\u00e0 di oggi manifesta si tratta di uno sguardo lungimirante&#8221;.<br \/>Il capo dello Stato ha ricordato: &#8220;Ogni anno in Italia vengono diagnosticati un alto numero di casi di tumori, si tratta di una grande questione sociale, proprio grazie ai progressi delle medicina, indotti dalla ricerca, \u00e8 ampiamente cresciuta la sopravvivenza, abbiamo ascoltato i grandi risultati che questa attivit\u00e0 di ricerca ha prodotto. E&#8217; via via cresciuta la cultura della prevenzione frutto della maturit\u00e0 dei cittadini, e questo costituisce un argine prezioso alla propagazione della malattia. Sentiamo di dover dire grazie alla ricerca medica e scientifica&#8221;.<br \/>Parlando di progressi scientifici ha posto l&#8217;accento sull&#8217;importanza dei vaccini anti Covid: &#8220;Senza l&#8217;ammirevole impegno della scienza per individuare i vaccini, scoperti e prodotti in tempi record, anche grazie alle scoperte realizzate nella lotta contro il cancro oggi saremmo costretti a contare molte migliaia di morti in pi\u00f9. Se oggi possiamo, nella gran parte dei casi, affrontare il Covid come se si trattasse di un&#8217;influenza poco insidiosa \u00e8 perch\u00e8 ne \u00e8 stata fortemente derubricata la pericolosit\u00e0 per effetto della vaccinazione&#8221;.<br \/>Mattarella ha lanciato un appello: &#8220;Dopo oltre due anni e mezzo di pandemia non possiamo ancora proclamare la vittoria finale sul Covid, dobbiamo far uso ancora di responsabilit\u00e0 e precauzioni&#8221;.<div id=\"div-gpt-ad-Messinaoggi.it-DSK-300x250-corpoart\" style=\"text-align:center;margin:0 auto;\"><\/div><\/p>\n<p>&#8211; foto ufficio stampa Quirinale &#8211;<div id=\"videoincontent\" style=\"clear:both\";><\/div><\/p>\n<p>(ITALPRESS).<\/p><\/div>\n","protected":false},"excerpt":{"rendered":"<p>ROMA (ITALPRESS) &#8211; Il Covid non \u00e8 ancora sconfitto, serve responsabilit\u00e0. E&#8217; il monito del capo dello Stato, Sergio Mattarella, durante la cerimonia di celebrazione dei &#8220;Giorni della Ricerca&#8221; al Quirinale, alla presenza, tra gli altri, del premier Giorgia Meloni.Una giornata per ricordare l&#8217;importanza della ricerca, della scienza e per ringraziare chi ogni giorno si [&hellip;]<\/p>\n","protected":false},"author":18,"featured_media":127660,"comment_status":"closed","ping_status":"closed","sticky":false,"template":"","format":"standard","meta":{"ub_ctt_via":"","_mi_skip_tracking":false},"categories":[446],"tags":[783],"featured_image_src":"https:\/\/www.messinaoggi.it\/website\/wp-content\/uploads\/2022\/10\/20221028_0600.jpg","author_info":{"display_name":"Admin","author_link":"https:\/\/www.messinaoggi.it\/website\/author\/admin\/"},"digistream_id":0,"digistream":false,"_links":{"self":[{"href":"https:\/\/www.messinaoggi.it\/website\/wp-json\/wp\/v2\/posts\/127659"}],"collection":[{"href":"https:\/\/www.messinaoggi.it\/website\/wp-json\/wp\/v2\/posts"}],"about":[{"href":"https:\/\/www.messinaoggi.it\/website\/wp-json\/wp\/v2\/types\/post"}],"author":[{"embeddable":true,"href":"https:\/\/www.messinaoggi.it\/website\/wp-json\/wp\/v2\/users\/18"}],"replies":[{"embeddable":true,"href":"https:\/\/www.messinaoggi.it\/website\/wp-json\/wp\/v2\/comments?post=127659"}],"version-history":[{"count":0,"href":"https:\/\/www.messinaoggi.it\/website\/wp-json\/wp\/v2\/posts\/127659\/revisions"}],"wp:featuredmedia":[{"embeddable":true,"href":"https:\/\/www.messinaoggi.it\/website\/wp-json\/wp\/v2\/media\/127660"}],"wp:attachment":[{"href":"https:\/\/www.messinaoggi.it\/website\/wp-json\/wp\/v2\/media?parent=127659"}],"wp:term":[{"taxonomy":"category","embeddable":true,"href":"https:\/\/www.messinaoggi.it\/website\/wp-json\/wp\/v2\/categories?post=127659"},{"taxonomy":"post_tag","embeddable":true,"href":"https:\/\/www.messinaoggi.it\/website\/wp-json\/wp\/v2\/tags?post=127659"}],"curies":[{"name":"wp","href":"https:\/\/api.w.org\/{rel}","templated":true}]}}